{"id":4484,"date":"2017-02-09T18:58:40","date_gmt":"2017-02-09T18:58:40","guid":{"rendered":"https:\/\/caf.org.uy\/caf\/?p=4484"},"modified":"2017-02-09T18:58:40","modified_gmt":"2017-02-09T18:58:40","slug":"prevenidos-es-mejor","status":"publish","type":"post","link":"https:\/\/caf.org.uy\/caf\/prevenidos-es-mejor\/","title":{"rendered":"Prevenidos es mejor"},"content":{"rendered":"<p>CALIMA estar\u00e1 capacitando a sus productores socios en seguros contra riesgo clim\u00e1tico. Debido al temporal que azot\u00f3 la ciudad de San Carlos y gran parte de la zona rural del departamento de Maldonado el pasado 23 de diciembre de 2016, donde se vieron afectados casi 70 productores seg\u00fan los registros recabados, las instituciones gremiales del sector junto a algunos organismos del Estado se han abocado en trabajar sobre el tema de seguros contra riesgo clim\u00e1tico para el sector rural.<\/p>\n<p>En este sentido es que CALIMA convoca a todos los productores del departamento a la charla informativa que se llevar\u00e1 a cabo el pr\u00f3ximo <strong>jueves 16 de febrero desde las 19:00 hs<\/strong> en las instalaciones de la Sociedad de Fomento Rural de Maldonado.<\/p>\n<p>La misma estar\u00e1 cargo de t\u00e9cnicos de Opypa (MGAP) especializados en la materia.<\/p>\n<p>M\u00e1s informaci\u00f3n: comunicacion@calima.com.uy<\/p>\n","protected":false},"excerpt":{"rendered":"<p>CALIMA estar\u00e1 capacitando a sus productores socios en seguros contra riesgo clim\u00e1tico. Debido al temporal que azot\u00f3 la ciudad de San Carlos y gran parte de la zona rural del &hellip; <a class=\"readmore\" href=\"https:\/\/caf.org.uy\/caf\/prevenidos-es-mejor\/\">Seguir leyendo &rarr;<\/a><\/p>\n","protected":false},"author":5,"featured_media":3653,"comment_status":"open","ping_status":"closed","sticky":false,"template":"","format":"standard","meta":{"csbAdvScrollBarCursor":"","footnotes":""},"categories":[18,2,42],"tags":[],"class_list":["post-4484","post","type-post","status-publish","format-standard","has-post-thumbnail","hentry","category-cadenas-de-valor","category-noticias","category-portada"],"_links":{"self":[{"href":"https:\/\/caf.org.uy\/caf\/wp-json\/wp\/v2\/posts\/4484","targetHints":{"allow":["GET"]}}],"collection":[{"href":"https:\/\/caf.org.uy\/caf\/wp-json\/wp\/v2\/posts"}],"about":[{"href":"https:\/\/caf.org.uy\/caf\/wp-json\/wp\/v2\/types\/post"}],"author":[{"embeddable":true,"href":"https:\/\/caf.org.uy\/caf\/wp-json\/wp\/v2\/users\/5"}],"replies":[{"embeddable":true,"href":"https:\/\/caf.org.uy\/caf\/wp-json\/wp\/v2\/comments?post=4484"}],"version-history":[{"count":1,"href":"https:\/\/caf.org.uy\/caf\/wp-json\/wp\/v2\/posts\/4484\/revisions"}],"predecessor-version":[{"id":4485,"href":"https:\/\/caf.org.uy\/caf\/wp-json\/wp\/v2\/posts\/4484\/revisions\/4485"}],"wp:featuredmedia":[{"embeddable":true,"href":"https:\/\/caf.org.uy\/caf\/wp-json\/wp\/v2\/media\/3653"}],"wp:attachment":[{"href":"https:\/\/caf.org.uy\/caf\/wp-json\/wp\/v2\/media?parent=4484"}],"wp:term":[{"taxonomy":"category","embeddable":true,"href":"https:\/\/caf.org.uy\/caf\/wp-json\/wp\/v2\/categories?post=4484"},{"taxonomy":"post_tag","embeddable":true,"href":"https:\/\/caf.org.uy\/caf\/wp-json\/wp\/v2\/tags?post=4484"}],"curies":[{"name":"wp","href":"https:\/\/api.w.org\/{rel}","templated":true}]}}