{"id":4464,"date":"2017-01-23T17:43:16","date_gmt":"2017-01-23T17:43:16","guid":{"rendered":"http:\/\/www.caf.org.uy\/site\/?p=4464"},"modified":"2017-01-23T17:43:16","modified_gmt":"2017-01-23T17:43:16","slug":"central-lanera-lanzo-operativo-ovinos-2017","status":"publish","type":"post","link":"https:\/\/caf.org.uy\/caf\/central-lanera-lanzo-operativo-ovinos-2017\/","title":{"rendered":"Central Lanera lanz\u00f3 Operativo Ovinos 2017"},"content":{"rendered":"<p>En el marco de un a\u00f1o con perspectivas de bajos m\u00e1rgenes en la mayor\u00eda de los negocios agropecuarios del pa\u00eds, el Operativo Ovinos de Central Lanera, se afianza como una excelente alternativa, ofreciendo UN NEGOCIO rentable, seguro y confiable.<br \/>\nNo s\u00f3lo los productores ganaderos pueden aprovechar las ventajas del operativo, sino, quienes tengan pasturas de<br \/>\ncalidad y est\u00e9n evaluando alternativas de uso, tanto en puentes verdes como en campos que ha dejado la agricultura y<br \/>\nhasta en usos alternativos para productores lecheros que quieran rentabilizar su establecimiento.<br \/>\nLuego de un 2016 con un resultado satisfactorio para los productores de la Central, con el precio del cordero superando<br \/>\nampliamente al precio del novillo, Central Lanera lanz\u00f3 el Operativo Ovinos 2017, afianz\u00e1ndose como una excelente<br \/>\nopci\u00f3n para la comercializaci\u00f3n de corderos y borregos pesados en el pa\u00eds. En los \u00faltimos a\u00f1os, el mismo se ha<br \/>\nconsolidado como un negocio de muy buenos m\u00e1rgenes, atractivo y estable, de bajo riesgo, con servicios de apoyo a la<br \/>\nproducci\u00f3n y garant\u00eda de colocaci\u00f3n.<br \/>\nLos beneficios ofrecidos en exclusividad por Central Lanera para quienes inscriban sus animales en el 2017 ser\u00e1n:<br \/>\n\u00b7 precio base o m\u00ednimo asegurado de 3,00 US$\/kg desde enero a noviembre<br \/>\n\u00b7 adelantos de hasta US$ 40 por cordero inscripto<br \/>\n\u00b7 hasta US$ 5 adicionales de adelanto para la compra de raci\u00f3n en la cooperativa<br \/>\n\u00b7 sobreprecio para razas carniceras y sus cruzas de US$ 0,10\/ kg<br \/>\n\u00b7 sobreprecio para corderos precoces de US$ 0,10\/kg<br \/>\n\u00b7 sobreprecio de US$ 0,05\/kg por cumplimiento<br \/>\n\u00b7 inclusi\u00f3n de la categor\u00eda borregos pesados, con s\u00f3lo 5 cts US$\/kg de descuento<br \/>\n\u00b7 valores competitivos para categor\u00edas adultas<br \/>\n\u00b7 seguridad total en la operativa comercial<br \/>\n\u00b7 garant\u00eda de colocaci\u00f3n<br \/>\n\u00b7 cobertura de riesgo por mortandad post- esquila.<br \/>\n\u00b7 coordinaci\u00f3n de cargas de lotes de reducido volumen<br \/>\n\u00b7 presencia permanente de un fiscal en la planta frigor\u00edfica<br \/>\n\u00b7 coordinaci\u00f3n de Central Lanera en todos los aspectos del operativo<br \/>\n\u00b7 apoyo a la producci\u00f3n de Central Lanera y la red de Cooperativas<br \/>\n\u00b7 servicios y productos diferenciados y \u00fanicos para quienes participen del Centro Tecnol\u00f3gico Ovino<br \/>\nTodos estos beneficios y ventajas exclusivas de Central Lanera, sumados a la seguridad de carga, logr\u00e1ndose la<br \/>\ncolocaci\u00f3n total de los corderos inscriptos, hacen que la cooperativa sea l\u00edder en la comercializaci\u00f3n de corderos y<br \/>\nborregos pesados en el pa\u00eds.<br \/>\nSe espera que los vol\u00famenes de inscripci\u00f3n en el operativo aumenten dado el muy buen precio promedio pagado en<br \/>\nlos \u00faltimos operativos, por lo que se invita a todos los productores a informarse de las ventajas exclusivas que se<br \/>\nofrecen. Adem\u00e1s y sobre todo para quienes compran los corderos para invernar es importante que realicen las<br \/>\ninscripciones en forma temprana de forma de mejorar las posibilidades de compra de animales.<br \/>\nTodos aquellos productores interesados en el negocio, deber\u00e1n informarse en las Cooperativas y Sociedades de<br \/>\nFomento Rural que integran Central Lanera o con sus promotores zonales en todo el pa\u00eds.<br \/>\nAquellos productores que tienen corderos para invernar a la venta podr\u00e1n ofrecerlos a la Central o las cooperativas y<br \/>\nSFR locales, ya que hay demandas concretas por los mismos.<br \/>\nLos adelantos ya est\u00e1n disponibles para quienes comprometan sus corderos y las inscripciones estar\u00e1n abiertas hasta el<br \/>\n30 de abril.<br \/>\nPromoci\u00f3n CLU 11\/1\/17<\/p>\n","protected":false},"excerpt":{"rendered":"<p>En el marco de un a\u00f1o con perspectivas de bajos m\u00e1rgenes en la mayor\u00eda de los negocios agropecuarios del pa\u00eds, el Operativo Ovinos de Central Lanera, se afianza como una &hellip; <a class=\"readmore\" href=\"https:\/\/caf.org.uy\/caf\/central-lanera-lanzo-operativo-ovinos-2017\/\">Seguir leyendo &rarr;<\/a><\/p>\n","protected":false},"author":1,"featured_media":4000,"comment_status":"open","ping_status":"closed","sticky":false,"template":"","format":"standard","meta":{"csbAdvScrollBarCursor":"","footnotes":""},"categories":[18,2,42],"tags":[],"class_list":["post-4464","post","type-post","status-publish","format-standard","has-post-thumbnail","hentry","category-cadenas-de-valor","category-noticias","category-portada"],"_links":{"self":[{"href":"https:\/\/caf.org.uy\/caf\/wp-json\/wp\/v2\/posts\/4464","targetHints":{"allow":["GET"]}}],"collection":[{"href":"https:\/\/caf.org.uy\/caf\/wp-json\/wp\/v2\/posts"}],"about":[{"href":"https:\/\/caf.org.uy\/caf\/wp-json\/wp\/v2\/types\/post"}],"author":[{"embeddable":true,"href":"https:\/\/caf.org.uy\/caf\/wp-json\/wp\/v2\/users\/1"}],"replies":[{"embeddable":true,"href":"https:\/\/caf.org.uy\/caf\/wp-json\/wp\/v2\/comments?post=4464"}],"version-history":[{"count":0,"href":"https:\/\/caf.org.uy\/caf\/wp-json\/wp\/v2\/posts\/4464\/revisions"}],"wp:featuredmedia":[{"embeddable":true,"href":"https:\/\/caf.org.uy\/caf\/wp-json\/wp\/v2\/media\/4000"}],"wp:attachment":[{"href":"https:\/\/caf.org.uy\/caf\/wp-json\/wp\/v2\/media?parent=4464"}],"wp:term":[{"taxonomy":"category","embeddable":true,"href":"https:\/\/caf.org.uy\/caf\/wp-json\/wp\/v2\/categories?post=4464"},{"taxonomy":"post_tag","embeddable":true,"href":"https:\/\/caf.org.uy\/caf\/wp-json\/wp\/v2\/tags?post=4464"}],"curies":[{"name":"wp","href":"https:\/\/api.w.org\/{rel}","templated":true}]}}