{"id":4443,"date":"2016-12-14T15:14:30","date_gmt":"2016-12-14T15:14:30","guid":{"rendered":"http:\/\/www.caf.org.uy\/site\/?p=4443"},"modified":"2016-12-14T15:14:30","modified_gmt":"2016-12-14T15:14:30","slug":"no-podemos-perder-relevancia-en-el-mercado-debemos-ir-al-ataque","status":"publish","type":"post","link":"https:\/\/caf.org.uy\/caf\/no-podemos-perder-relevancia-en-el-mercado-debemos-ir-al-ataque\/","title":{"rendered":"\u00abNo podemos perder relevancia en el mercado, debemos ir al ataque\u00bb"},"content":{"rendered":"<p>\u201cComo parte de esta sociedad estamos preocupados por la educaci\u00f3n, la seguridad, los conflictos laborales, el gasto p\u00fablico, las tarifas, entre tantos otros\u201d, dijo Virginia San Martin en su discurso de cierre de la <strong>Cumbre de Presidentes de CAF, en Trinidad el pasado martes 13 de diciembre.<\/strong> Y agreg\u00f3, \u201ccomo sector agropecuario seguimos preocupados y ocupados por los pocos est\u00edmulos, el importante endeudamiento, la p\u00e9rdida de productores lo cual es un riesgo, el deterioro en la infraestructura, los problemas en la transferencia de tecnolog\u00eda y la capacitaci\u00f3n\u201d.<br \/>\nLa nueva presidenta de CAF, habl\u00f3 de la necesidad de acuerdos comerciales <strong>\u201cson clave y urgentes como pa\u00eds agroexportador que somos\u201d.\u00a0 <\/strong><br \/>\nAdem\u00e1s, reflexion\u00f3 sobre el rol de las cooperativas agrarias en este contexto, asumiendo que no todo se puede esperar de afuera, sino que \u201cdebemos trabajar hacia adentro y transformarnos\u201d.<br \/>\n<strong>\u201cNo podemos perder relevancia en el mercado y para eso debemos generar cambios asociados a la transformaci\u00f3n de la producci\u00f3n, la mejora de la eficiencia productiva, debemos ser atractivos en el agronegocio, buscando estrategias asociativas<\/strong>\u201d, dijo Virginia ante m\u00e1s de 50 integrantes de la red de Cooperativas Agrarias del Uruguay. Agreg\u00f3, que \u201cdebemos generar competitividad y transformaci\u00f3n a trav\u00e9s de la innovaci\u00f3n tecnol\u00f3gica, desarrollar capacidades laborales a\u00fan para lo desconocido\u201d.<br \/>\nA nivel de las cooperativas agrarias, la presidenta de CAF, insisti\u00f3 en los conceptos del Dr. Fabio Chaddad -asesor de CAF de la Universidad de Missouri a quien el sistema lamentablemente perdi\u00f3 el mes pasado \u2013 \u201cdonde debemos pasar de la estrategia de Defensa, donde hablamos de socios usuarios, a la estrategia de Ataque, donde hablamos de un socio usuario e inversor\u201d.<br \/>\nPara finalizar, comparti\u00f3 con los presidentes, directivos y gerentes de las Cooperativas Agrarias asociadas a CAF, la importancia de compartir el liderazgo, de ser relevantes, de usar las herramientas gremiales que tiene la instituci\u00f3n (puso de ejemplo los 16 delegados en institutos estrat\u00e9gicos como INAC, INIA, entre otros), e hizo un llamado <strong>a compartir una visi\u00f3n de corto y mediano plazo \u201cbuscando el negocio (la rentabilidad) ofreciendo todos los servicios al productor contemplando la heterogeneidad, manteniendo y creando cada vez m\u00e1s capital social\u201d. <\/strong><br \/>\n&nbsp;<br \/>\n&nbsp;<\/p>\n","protected":false},"excerpt":{"rendered":"<p>\u201cComo parte de esta sociedad estamos preocupados por la educaci\u00f3n, la seguridad, los conflictos laborales, el gasto p\u00fablico, las tarifas, entre tantos otros\u201d, dijo Virginia San Martin en su discurso &hellip; <a class=\"readmore\" href=\"https:\/\/caf.org.uy\/caf\/no-podemos-perder-relevancia-en-el-mercado-debemos-ir-al-ataque\/\">Seguir leyendo &rarr;<\/a><\/p>\n","protected":false},"author":1,"featured_media":4440,"comment_status":"open","ping_status":"closed","sticky":false,"template":"","format":"standard","meta":{"csbAdvScrollBarCursor":"","footnotes":""},"categories":[20,2,42],"tags":[],"class_list":["post-4443","post","type-post","status-publish","format-standard","has-post-thumbnail","hentry","category-institucional-gremial","category-noticias","category-portada"],"_links":{"self":[{"href":"https:\/\/caf.org.uy\/caf\/wp-json\/wp\/v2\/posts\/4443","targetHints":{"allow":["GET"]}}],"collection":[{"href":"https:\/\/caf.org.uy\/caf\/wp-json\/wp\/v2\/posts"}],"about":[{"href":"https:\/\/caf.org.uy\/caf\/wp-json\/wp\/v2\/types\/post"}],"author":[{"embeddable":true,"href":"https:\/\/caf.org.uy\/caf\/wp-json\/wp\/v2\/users\/1"}],"replies":[{"embeddable":true,"href":"https:\/\/caf.org.uy\/caf\/wp-json\/wp\/v2\/comments?post=4443"}],"version-history":[{"count":0,"href":"https:\/\/caf.org.uy\/caf\/wp-json\/wp\/v2\/posts\/4443\/revisions"}],"wp:featuredmedia":[{"embeddable":true,"href":"https:\/\/caf.org.uy\/caf\/wp-json\/wp\/v2\/media\/4440"}],"wp:attachment":[{"href":"https:\/\/caf.org.uy\/caf\/wp-json\/wp\/v2\/media?parent=4443"}],"wp:term":[{"taxonomy":"category","embeddable":true,"href":"https:\/\/caf.org.uy\/caf\/wp-json\/wp\/v2\/categories?post=4443"},{"taxonomy":"post_tag","embeddable":true,"href":"https:\/\/caf.org.uy\/caf\/wp-json\/wp\/v2\/tags?post=4443"}],"curies":[{"name":"wp","href":"https:\/\/api.w.org\/{rel}","templated":true}]}}