{"id":4434,"date":"2016-12-14T15:11:48","date_gmt":"2016-12-14T15:11:48","guid":{"rendered":"https:\/\/caf.org.uy\/caf\/?p=4434"},"modified":"2016-12-14T15:12:24","modified_gmt":"2016-12-14T15:12:24","slug":"galeria-de-fotos-cumbre-presidentes-y-encuentro","status":"publish","type":"post","link":"https:\/\/caf.org.uy\/caf\/galeria-de-fotos-cumbre-presidentes-y-encuentro\/","title":{"rendered":"Galer\u00eda de Fotos: Cumbre Presidentes y Encuentro"},"content":{"rendered":"<p>El lunes 12 y martes 13 de diciembre fueron d\u00edas intensos para las Cooperativas Agrarias Federadas. Un Consejo Directivo extraordinario con Uni\u00f3n Rural de Flores como anfitri\u00f3n tuvo lugar el lunes en la tardecita. Por la ma\u00f1ana del martes, m\u00e1s de 50 presidentes, directivos y gerentes se dieron cita en la Cumbre de Presidentes de CAF. Y por la tarde, sumando otras organizaciones colectivas agrarias, vivimos el Encuentro Iniciativas 2017 en el marco del proyecto Desarrollo Competitivo de las Organizaciones Colectivas Agrarias y Agroindustriales del Uruguay con MGAP, FIDA Mercosur, INACOOP, CUDECOOP, IICA, CAF y CNFR.<\/p>\n\n\t\t<style type=\"text\/css\">\n\t\t\t#gallery-1 {\n\t\t\t\tmargin: auto;\n\t\t\t}\n\t\t\t#gallery-1 .gallery-item {\n\t\t\t\tfloat: left;\n\t\t\t\tmargin-top: 10px;\n\t\t\t\ttext-align: center;\n\t\t\t\twidth: 33%;\n\t\t\t}\n\t\t\t#gallery-1 img {\n\t\t\t\tborder: 2px solid #cfcfcf;\n\t\t\t}\n\t\t\t#gallery-1 .gallery-caption {\n\t\t\t\tmargin-left: 0;\n\t\t\t}\n\t\t\t\/* see gallery_shortcode() in wp-includes\/media.php *\/\n\t\t<\/style>\n\t\t<div id='gallery-1' class='gallery galleryid-4434 gallery-columns-3 gallery-size-thumbnail'><dl class='gallery-item'>\n\t\t\t<dt class='gallery-icon landscape'>\n\t\t\t\t<a href='https:\/\/caf.org.uy\/caf\/galeria-de-fotos-cumbre-presidentes-y-encuentro\/wp_20161213_003\/'><img decoding=\"async\" width=\"230\" height=\"170\" src=\"https:\/\/caf.org.uy\/caf\/wp-content\/uploads\/2016\/12\/WP_20161213_003-230x170.jpg\" class=\"attachment-thumbnail size-thumbnail\" alt=\"\" \/><\/a>\n\t\t\t<\/dt><\/dl><dl class='gallery-item'>\n\t\t\t<dt class='gallery-icon landscape'>\n\t\t\t\t<a href='https:\/\/caf.org.uy\/caf\/galeria-de-fotos-cumbre-presidentes-y-encuentro\/wp_20161213_006\/'><img decoding=\"async\" width=\"230\" height=\"170\" src=\"https:\/\/caf.org.uy\/caf\/wp-content\/uploads\/2016\/12\/WP_20161213_006-230x170.jpg\" class=\"attachment-thumbnail size-thumbnail\" alt=\"\" \/><\/a>\n\t\t\t<\/dt><\/dl><dl class='gallery-item'>\n\t\t\t<dt class='gallery-icon landscape'>\n\t\t\t\t<a href='https:\/\/caf.org.uy\/caf\/galeria-de-fotos-cumbre-presidentes-y-encuentro\/wp_20161213_007\/'><img decoding=\"async\" width=\"230\" height=\"170\" src=\"https:\/\/caf.org.uy\/caf\/wp-content\/uploads\/2016\/12\/WP_20161213_007-230x170.jpg\" class=\"attachment-thumbnail size-thumbnail\" alt=\"\" \/><\/a>\n\t\t\t<\/dt><\/dl><br style=\"clear: both\" \/>\n\t\t<\/div>\n\n\n\t\t<style type=\"text\/css\">\n\t\t\t#gallery-2 {\n\t\t\t\tmargin: auto;\n\t\t\t}\n\t\t\t#gallery-2 .gallery-item {\n\t\t\t\tfloat: left;\n\t\t\t\tmargin-top: 10px;\n\t\t\t\ttext-align: center;\n\t\t\t\twidth: 33%;\n\t\t\t}\n\t\t\t#gallery-2 img {\n\t\t\t\tborder: 2px solid #cfcfcf;\n\t\t\t}\n\t\t\t#gallery-2 .gallery-caption {\n\t\t\t\tmargin-left: 0;\n\t\t\t}\n\t\t\t\/* see gallery_shortcode() in wp-includes\/media.php *\/\n\t\t<\/style>\n\t\t<div id='gallery-2' class='gallery galleryid-4434 gallery-columns-3 gallery-size-thumbnail'><dl class='gallery-item'>\n\t\t\t<dt class='gallery-icon landscape'>\n\t\t\t\t<a href='https:\/\/caf.org.uy\/caf\/galeria-de-fotos-cumbre-presidentes-y-encuentro\/20161213_093732\/'><img loading=\"lazy\" decoding=\"async\" width=\"230\" height=\"170\" src=\"https:\/\/caf.org.uy\/caf\/wp-content\/uploads\/2016\/12\/20161213_093732-230x170.jpg\" class=\"attachment-thumbnail size-thumbnail\" alt=\"\" \/><\/a>\n\t\t\t<\/dt><\/dl><dl class='gallery-item'>\n\t\t\t<dt class='gallery-icon landscape'>\n\t\t\t\t<a href='https:\/\/caf.org.uy\/caf\/galeria-de-fotos-cumbre-presidentes-y-encuentro\/20161213_104227\/'><img loading=\"lazy\" decoding=\"async\" width=\"230\" height=\"170\" src=\"https:\/\/caf.org.uy\/caf\/wp-content\/uploads\/2016\/12\/20161213_104227-230x170.jpg\" class=\"attachment-thumbnail size-thumbnail\" alt=\"\" \/><\/a>\n\t\t\t<\/dt><\/dl><dl class='gallery-item'>\n\t\t\t<dt class='gallery-icon landscape'>\n\t\t\t\t<a href='https:\/\/caf.org.uy\/caf\/galeria-de-fotos-cumbre-presidentes-y-encuentro\/20161213_124557\/'><img loading=\"lazy\" decoding=\"async\" width=\"230\" height=\"170\" src=\"https:\/\/caf.org.uy\/caf\/wp-content\/uploads\/2016\/12\/20161213_124557-230x170.jpg\" class=\"attachment-thumbnail size-thumbnail\" alt=\"\" \/><\/a>\n\t\t\t<\/dt><\/dl><br style=\"clear: both\" \/>\n\t\t<\/div>\n\n","protected":false},"excerpt":{"rendered":"<p>El lunes 12 y martes 13 de diciembre fueron d\u00edas intensos para las Cooperativas Agrarias Federadas. Un Consejo Directivo extraordinario con Uni\u00f3n Rural de Flores como anfitri\u00f3n tuvo lugar el &hellip; <a class=\"readmore\" href=\"https:\/\/caf.org.uy\/caf\/galeria-de-fotos-cumbre-presidentes-y-encuentro\/\">Seguir leyendo &rarr;<\/a><\/p>\n","protected":false},"author":5,"featured_media":4436,"comment_status":"open","ping_status":"closed","sticky":false,"template":"","format":"standard","meta":{"csbAdvScrollBarCursor":"","footnotes":""},"categories":[20,2,42],"tags":[],"class_list":["post-4434","post","type-post","status-publish","format-standard","has-post-thumbnail","hentry","category-institucional-gremial","category-noticias","category-portada"],"_links":{"self":[{"href":"https:\/\/caf.org.uy\/caf\/wp-json\/wp\/v2\/posts\/4434","targetHints":{"allow":["GET"]}}],"collection":[{"href":"https:\/\/caf.org.uy\/caf\/wp-json\/wp\/v2\/posts"}],"about":[{"href":"https:\/\/caf.org.uy\/caf\/wp-json\/wp\/v2\/types\/post"}],"author":[{"embeddable":true,"href":"https:\/\/caf.org.uy\/caf\/wp-json\/wp\/v2\/users\/5"}],"replies":[{"embeddable":true,"href":"https:\/\/caf.org.uy\/caf\/wp-json\/wp\/v2\/comments?post=4434"}],"version-history":[{"count":2,"href":"https:\/\/caf.org.uy\/caf\/wp-json\/wp\/v2\/posts\/4434\/revisions"}],"predecessor-version":[{"id":4442,"href":"https:\/\/caf.org.uy\/caf\/wp-json\/wp\/v2\/posts\/4434\/revisions\/4442"}],"wp:featuredmedia":[{"embeddable":true,"href":"https:\/\/caf.org.uy\/caf\/wp-json\/wp\/v2\/media\/4436"}],"wp:attachment":[{"href":"https:\/\/caf.org.uy\/caf\/wp-json\/wp\/v2\/media?parent=4434"}],"wp:term":[{"taxonomy":"category","embeddable":true,"href":"https:\/\/caf.org.uy\/caf\/wp-json\/wp\/v2\/categories?post=4434"},{"taxonomy":"post_tag","embeddable":true,"href":"https:\/\/caf.org.uy\/caf\/wp-json\/wp\/v2\/tags?post=4434"}],"curies":[{"name":"wp","href":"https:\/\/api.w.org\/{rel}","templated":true}]}}