{"id":4431,"date":"2016-12-12T15:46:16","date_gmt":"2016-12-12T15:46:16","guid":{"rendered":"https:\/\/caf.org.uy\/caf\/?p=4431"},"modified":"2016-12-12T15:46:16","modified_gmt":"2016-12-12T15:46:16","slug":"presidentes-de-caf-se-reunen-en-cumbre","status":"publish","type":"post","link":"https:\/\/caf.org.uy\/caf\/presidentes-de-caf-se-reunen-en-cumbre\/","title":{"rendered":"Presidentes de CAF se re\u00fanen en Cumbre"},"content":{"rendered":"<p>Como cada a\u00f1o CAF culmina con su tradicional Cumbre de Presidentes, un espacio para el encuentro con los protagonistas de la red que conforma la Federaci\u00f3n, mucho m\u00e1s amplia que solo sus presidentes, tambi\u00e9n participan gerentes, directivos y j\u00f3venes de las cooperativas y SFR.<\/p>\n<p>Las Cumbres tienen un eje tem\u00e1tico principal, este a\u00f1o dando continuidad a las propuestas presentadas en la Cumbre pasada, estaremos actualizaci\u00f3n del avance del cumplimiento del mapa estrat\u00e9gico de CAF en sus grandes l\u00edneas (J\u00f3venes, unidad comercial, competitividad y procesos internos). A partir de eso generar aprendizajes para ajustar y proyectar la agenda pol\u00edtica y t\u00e9cnica del a\u00f1o 2017. Y fundamentalmente, estaremos analizando la competitividad de las cooperativas agropecuarias de Uruguay y las perspectivas de nuestras cooperativas para el futuro pr\u00f3ximo a fin de generar insumos para la agenda pol\u00edtica de CAF y reforzar las l\u00edneas de trabajo.<\/p>\n<p>Para esto \u00faltimo estaremos contando con el Dr. Carlos Paolino, investigador principal de CINVE, quien expondr\u00e1 sobre estos temas y generar\u00e1 un espacio de intercambio, con apoyo de Alejandra Bentancur del IICA.<\/p>\n<p>La Cumbre de Presidentes tendr\u00e1 lugar en el Hotel de Campo Flores en Trinidad (ruta 3 km 201) de 9 a 13 hs.<\/p>\n<p>&nbsp;<\/p>\n<p>Por la tarde, de 14 a 17 hs estaremos realizando el Encuentro Iniciativas 2017 en el marco del proyecto Desarrollo de la Competitividad junto a OPYPA, DGDR, INACOOP, FIDA MERCOSUR, CUDECOOP, CNFR e IICA.<\/p>\n<p>&nbsp;<\/p>\n<p><strong>M\u00e1s informaci\u00f3n sobre ambas actividades:<\/strong><\/p>\n<p><strong>Cumbre de Presidentes de CAF <a href=\"https:\/\/caf.org.uy\/caf\/?event=cumbre-de-presidentes-de-caf\">aqu\u00ed<\/a><\/strong><\/p>\n<p><strong>Encuentro Iniciativas 2017 <a href=\"https:\/\/caf.org.uy\/caf\/?event=encuentro-iniciativas-2017\">aqu\u00ed<\/a><\/strong><\/p>\n","protected":false},"excerpt":{"rendered":"<p>Como cada a\u00f1o CAF culmina con su tradicional Cumbre de Presidentes, un espacio para el encuentro con los protagonistas de la red que conforma la Federaci\u00f3n, mucho m\u00e1s amplia que &hellip; <a class=\"readmore\" href=\"https:\/\/caf.org.uy\/caf\/presidentes-de-caf-se-reunen-en-cumbre\/\">Seguir leyendo &rarr;<\/a><\/p>\n","protected":false},"author":5,"featured_media":4423,"comment_status":"open","ping_status":"closed","sticky":false,"template":"","format":"standard","meta":{"csbAdvScrollBarCursor":"","footnotes":""},"categories":[20,2,42],"tags":[],"class_list":["post-4431","post","type-post","status-publish","format-standard","has-post-thumbnail","hentry","category-institucional-gremial","category-noticias","category-portada"],"_links":{"self":[{"href":"https:\/\/caf.org.uy\/caf\/wp-json\/wp\/v2\/posts\/4431","targetHints":{"allow":["GET"]}}],"collection":[{"href":"https:\/\/caf.org.uy\/caf\/wp-json\/wp\/v2\/posts"}],"about":[{"href":"https:\/\/caf.org.uy\/caf\/wp-json\/wp\/v2\/types\/post"}],"author":[{"embeddable":true,"href":"https:\/\/caf.org.uy\/caf\/wp-json\/wp\/v2\/users\/5"}],"replies":[{"embeddable":true,"href":"https:\/\/caf.org.uy\/caf\/wp-json\/wp\/v2\/comments?post=4431"}],"version-history":[{"count":1,"href":"https:\/\/caf.org.uy\/caf\/wp-json\/wp\/v2\/posts\/4431\/revisions"}],"predecessor-version":[{"id":4432,"href":"https:\/\/caf.org.uy\/caf\/wp-json\/wp\/v2\/posts\/4431\/revisions\/4432"}],"wp:featuredmedia":[{"embeddable":true,"href":"https:\/\/caf.org.uy\/caf\/wp-json\/wp\/v2\/media\/4423"}],"wp:attachment":[{"href":"https:\/\/caf.org.uy\/caf\/wp-json\/wp\/v2\/media?parent=4431"}],"wp:term":[{"taxonomy":"category","embeddable":true,"href":"https:\/\/caf.org.uy\/caf\/wp-json\/wp\/v2\/categories?post=4431"},{"taxonomy":"post_tag","embeddable":true,"href":"https:\/\/caf.org.uy\/caf\/wp-json\/wp\/v2\/tags?post=4431"}],"curies":[{"name":"wp","href":"https:\/\/api.w.org\/{rel}","templated":true}]}}