{"id":4422,"date":"2016-12-05T20:24:52","date_gmt":"2016-12-05T20:24:52","guid":{"rendered":"https:\/\/caf.org.uy\/caf\/?p=4422"},"modified":"2016-12-05T20:24:52","modified_gmt":"2016-12-05T20:24:52","slug":"se-viene-la-cumbre-de-presidentes-de-caf","status":"publish","type":"post","link":"https:\/\/caf.org.uy\/caf\/se-viene-la-cumbre-de-presidentes-de-caf\/","title":{"rendered":"Se viene la Cumbre de Presidentes de CAF"},"content":{"rendered":"<p>Las m\u00e1ximas autoridades de las Cooperativas Agrarias se estar\u00e1n encontrando el pr\u00f3ximo 13 de diciembre en Trinidad para reflexionar sobre c\u00f3mo puede estar afectando el ambiente externo que enfrentan las empresas cooperativas del Uruguay a partir de los cambios en el contexto\u00a0 econ\u00f3mico nacional e internacional en los \u00faltimos a\u00f1os y con proyecci\u00f3n al futuro pr\u00f3ximo, a los efectos de focalizar algunas sugerencias referidas a \u00a0las pol\u00edticas p\u00fablicas y\u00a0 las estrategias de las cooperativas.<\/p>\n<p>El Dr. Carlos Paolino, investigador principal de CINVE estar\u00e1 realizando una ponencia con preguntas disparadoras con el fin de generar un intercambio que conduzca la reflexi\u00f3n y acci\u00f3n de las cooperativas agrarias de cara a los pr\u00f3ximos a\u00f1os.<\/p>\n<p>De la mano de esta tem\u00e1tica, y con el apoyo de IICA, los presidentes de las Cooperativas Agrarias Federadas estar\u00e1n trabajando en la actualizaci\u00f3n y revisi\u00f3n de su Mapa Estrat\u00e9gico.<\/p>\n<p><img fetchpriority=\"high\" decoding=\"async\" class=\"aligncenter size-large wp-image-4423\" src=\"https:\/\/caf.org.uy\/caf\/wp-content\/uploads\/2016\/12\/top-cumbre-presidentes-650x343.jpg\" alt=\"top-cumbre-presidentes\" width=\"650\" height=\"343\" srcset=\"https:\/\/caf.org.uy\/caf\/wp-content\/uploads\/2016\/12\/top-cumbre-presidentes-650x343.jpg 650w, https:\/\/caf.org.uy\/caf\/wp-content\/uploads\/2016\/12\/top-cumbre-presidentes-420x222.jpg 420w, https:\/\/caf.org.uy\/caf\/wp-content\/uploads\/2016\/12\/top-cumbre-presidentes-768x405.jpg 768w, https:\/\/caf.org.uy\/caf\/wp-content\/uploads\/2016\/12\/top-cumbre-presidentes-1000x527.jpg 1000w\" sizes=\"(max-width: 650px) 100vw, 650px\" \/><\/p>\n<p>M\u00e1s informaci\u00f3n <a href=\"https:\/\/caf.org.uy\/caf\/?event=cumbre-de-presidentes-de-caf\"><strong>aqu\u00ed<\/strong><\/a><\/p>\n","protected":false},"excerpt":{"rendered":"<p>Las m\u00e1ximas autoridades de las Cooperativas Agrarias se estar\u00e1n encontrando el pr\u00f3ximo 13 de diciembre en Trinidad para reflexionar sobre c\u00f3mo puede estar afectando el ambiente externo que enfrentan las &hellip; <a class=\"readmore\" href=\"https:\/\/caf.org.uy\/caf\/se-viene-la-cumbre-de-presidentes-de-caf\/\">Seguir leyendo &rarr;<\/a><\/p>\n","protected":false},"author":5,"featured_media":4423,"comment_status":"open","ping_status":"closed","sticky":false,"template":"","format":"standard","meta":{"csbAdvScrollBarCursor":"","footnotes":""},"categories":[20,2,42],"tags":[],"class_list":["post-4422","post","type-post","status-publish","format-standard","has-post-thumbnail","hentry","category-institucional-gremial","category-noticias","category-portada"],"_links":{"self":[{"href":"https:\/\/caf.org.uy\/caf\/wp-json\/wp\/v2\/posts\/4422","targetHints":{"allow":["GET"]}}],"collection":[{"href":"https:\/\/caf.org.uy\/caf\/wp-json\/wp\/v2\/posts"}],"about":[{"href":"https:\/\/caf.org.uy\/caf\/wp-json\/wp\/v2\/types\/post"}],"author":[{"embeddable":true,"href":"https:\/\/caf.org.uy\/caf\/wp-json\/wp\/v2\/users\/5"}],"replies":[{"embeddable":true,"href":"https:\/\/caf.org.uy\/caf\/wp-json\/wp\/v2\/comments?post=4422"}],"version-history":[{"count":1,"href":"https:\/\/caf.org.uy\/caf\/wp-json\/wp\/v2\/posts\/4422\/revisions"}],"predecessor-version":[{"id":4424,"href":"https:\/\/caf.org.uy\/caf\/wp-json\/wp\/v2\/posts\/4422\/revisions\/4424"}],"wp:featuredmedia":[{"embeddable":true,"href":"https:\/\/caf.org.uy\/caf\/wp-json\/wp\/v2\/media\/4423"}],"wp:attachment":[{"href":"https:\/\/caf.org.uy\/caf\/wp-json\/wp\/v2\/media?parent=4422"}],"wp:term":[{"taxonomy":"category","embeddable":true,"href":"https:\/\/caf.org.uy\/caf\/wp-json\/wp\/v2\/categories?post=4422"},{"taxonomy":"post_tag","embeddable":true,"href":"https:\/\/caf.org.uy\/caf\/wp-json\/wp\/v2\/tags?post=4422"}],"curies":[{"name":"wp","href":"https:\/\/api.w.org\/{rel}","templated":true}]}}