{"id":4384,"date":"2016-11-24T13:47:52","date_gmt":"2016-11-24T13:47:52","guid":{"rendered":"https:\/\/caf.org.uy\/caf\/?p=4384"},"modified":"2016-11-24T13:47:52","modified_gmt":"2016-11-24T13:47:52","slug":"gremiales-rurales-participaran-en-futuras-negociaciones-con-transportistas","status":"publish","type":"post","link":"https:\/\/caf.org.uy\/caf\/gremiales-rurales-participaran-en-futuras-negociaciones-con-transportistas\/","title":{"rendered":"Gremiales rurales participar\u00e1n en futuras negociaciones con transportistas"},"content":{"rendered":"<p>Ante el reciente conflicto de transportistas de carga CAF junto a las gremiales intercedieron para levantarlo. Luego de un fruct\u00edfero intercambio de informaci\u00f3n y an\u00e1lisis de la cadena agr\u00edcola que tuvo lugar en el Ministerio de Agricultura, el pasado lunes 21 de noviembre se suscribi\u00f3 un importante acuerdo entre la Intergremial de Transporte de Carga, CAF, Federaci\u00f3n Rural, ARU, C\u00e1mara Mercantil de Productos del pa\u00eds y la Asociaci\u00f3n Consignatarios de Granos.<\/p>\n<p>Si bien la posici\u00f3n inicial de CAF y las gremiales era no interceder en el conflicto, durante la reuni\u00f3n en el Ministerio &#8211; que fue muy discutida &#8211; las gremiales de productores \u201cnos vimos involucradas en la negociaci\u00f3n con los transportistas\u201d, dijo Aparicio Hirschy tesorero de CAF para este comunicado.\u00a0<strong>CAF junto a las dem\u00e1s gremiales de productores asumieron la responsabilidad de negociar en el momento con los camioneros un acuerdo que prev\u00e9 que la referencia del precio a cobrar en d\u00f3lares ser\u00e1 el 95 % del precio establecido en la \u00faltima zafra de soja; adem\u00e1s se defini\u00f3 la creaci\u00f3n\u00a0 de un \u00e1mbito para la negociaci\u00f3n de fijaci\u00f3n de nuevas param\u00e9tricas para el futuro, integrado por las partes firmantes.<\/strong><\/p>\n<p><strong>\u00a0<\/strong>El acuerdo fue firmado por:\u00a0 Mario Borzaconni (Intergremial de Transporte de Carga), Aparicio Hirschy (CAF), Jorge Andr\u00e9s Rodriguez (FR), Gerardo Garc\u00eda Pintos (ARU), Eduardo D\u00edaz (C\u00e1mara Mercantil de Productos del pa\u00eds) y Jos\u00e9 Palma (Asociaci\u00f3n Consignatarios de Granos).<\/p>\n<p>De esta forma, CAF y las dem\u00e1s\u00a0 gremiales de productores se comprometieron a respetar el acuerdo de las tarifas para levantar los conflictos ante los acopiadores y transportistas. En la misma noche del lunes 21 ya no quedaban camiones cortando rutas.<\/p>\n<p>Las cooperativas asociadas a CAF hicieron un reconocimiento especial a la r\u00e1pida gesti\u00f3n de CAF para resolver este conflicto junto a las dem\u00e1s gremiales con el benepl\u00e1cito de los Ministerios de Ganader\u00eda y Transporte, y as\u00ed cumplir una vez m\u00e1s con su rol gremial representando los intereses de sus cooperativas socias.<\/p>\n<p>Foto: el observador<\/p>\n","protected":false},"excerpt":{"rendered":"<p>Ante el reciente conflicto de transportistas de carga CAF junto a las gremiales intercedieron para levantarlo. Luego de un fruct\u00edfero intercambio de informaci\u00f3n y an\u00e1lisis de la cadena agr\u00edcola que &hellip; <a class=\"readmore\" href=\"https:\/\/caf.org.uy\/caf\/gremiales-rurales-participaran-en-futuras-negociaciones-con-transportistas\/\">Seguir leyendo &rarr;<\/a><\/p>\n","protected":false},"author":5,"featured_media":4385,"comment_status":"open","ping_status":"closed","sticky":false,"template":"","format":"standard","meta":{"csbAdvScrollBarCursor":"","footnotes":""},"categories":[20,2,42],"tags":[],"class_list":["post-4384","post","type-post","status-publish","format-standard","has-post-thumbnail","hentry","category-institucional-gremial","category-noticias","category-portada"],"_links":{"self":[{"href":"https:\/\/caf.org.uy\/caf\/wp-json\/wp\/v2\/posts\/4384","targetHints":{"allow":["GET"]}}],"collection":[{"href":"https:\/\/caf.org.uy\/caf\/wp-json\/wp\/v2\/posts"}],"about":[{"href":"https:\/\/caf.org.uy\/caf\/wp-json\/wp\/v2\/types\/post"}],"author":[{"embeddable":true,"href":"https:\/\/caf.org.uy\/caf\/wp-json\/wp\/v2\/users\/5"}],"replies":[{"embeddable":true,"href":"https:\/\/caf.org.uy\/caf\/wp-json\/wp\/v2\/comments?post=4384"}],"version-history":[{"count":1,"href":"https:\/\/caf.org.uy\/caf\/wp-json\/wp\/v2\/posts\/4384\/revisions"}],"predecessor-version":[{"id":4386,"href":"https:\/\/caf.org.uy\/caf\/wp-json\/wp\/v2\/posts\/4384\/revisions\/4386"}],"wp:featuredmedia":[{"embeddable":true,"href":"https:\/\/caf.org.uy\/caf\/wp-json\/wp\/v2\/media\/4385"}],"wp:attachment":[{"href":"https:\/\/caf.org.uy\/caf\/wp-json\/wp\/v2\/media?parent=4384"}],"wp:term":[{"taxonomy":"category","embeddable":true,"href":"https:\/\/caf.org.uy\/caf\/wp-json\/wp\/v2\/categories?post=4384"},{"taxonomy":"post_tag","embeddable":true,"href":"https:\/\/caf.org.uy\/caf\/wp-json\/wp\/v2\/tags?post=4384"}],"curies":[{"name":"wp","href":"https:\/\/api.w.org\/{rel}","templated":true}]}}