{"id":4368,"date":"2016-11-15T15:10:07","date_gmt":"2016-11-15T15:10:07","guid":{"rendered":"http:\/\/www.caf.org.uy\/site\/?p=4368"},"modified":"2016-11-15T15:10:07","modified_gmt":"2016-11-15T15:10:07","slug":"caf-presente-en-cumbre-de-cooperativistas-20-paises-en-uruguay","status":"publish","type":"post","link":"https:\/\/caf.org.uy\/caf\/caf-presente-en-cumbre-de-cooperativistas-20-paises-en-uruguay\/","title":{"rendered":"CAF presente en Cumbre de Cooperativistas 20 pa\u00edses en Uruguay!"},"content":{"rendered":"<p>La IV Cumbre Cooperativa de las Am\u00e9ricas inici\u00f3 hoy en el Hotel Radisson junto a m\u00e1s de 1000 cooperativistas y otros actores vinculados a la actividad del sector cooperativo de la regi\u00f3n quienes <a href=\"http:\/\/www.aciamericas.coop\/cumbre2016#\">buscar\u00e1n iniciativas, propuestas y estrategias comunes<\/a> en relaci\u00f3n con la situaci\u00f3n econ\u00f3mica, social y pol\u00edtica de la regi\u00f3n, las relaciones entre las organizaciones de la econom\u00eda social y solidaria, y la contribuci\u00f3n de las cooperativas al logro de los Objetivos de Desarrollo Sostenible de las Naciones Unidas, a trav\u00e9s de <a href=\"http:\/\/www.aciamericas.coop\/cumbre2016#\">un nutrido programa de actividades<\/a> de 5 d\u00edas de duraci\u00f3n.<br \/>\nSiga el acontecer de este evento en nuestro Twitter @CAFUruguay<\/p>\n","protected":false},"excerpt":{"rendered":"<p>La IV Cumbre Cooperativa de las Am\u00e9ricas inici\u00f3 hoy en el Hotel Radisson junto a m\u00e1s de 1000 cooperativistas y otros actores vinculados a la actividad del sector cooperativo de &hellip; <a class=\"readmore\" href=\"https:\/\/caf.org.uy\/caf\/caf-presente-en-cumbre-de-cooperativistas-20-paises-en-uruguay\/\">Seguir leyendo &rarr;<\/a><\/p>\n","protected":false},"author":1,"featured_media":4369,"comment_status":"open","ping_status":"closed","sticky":false,"template":"","format":"standard","meta":{"csbAdvScrollBarCursor":"","footnotes":""},"categories":[20,2,42],"tags":[],"class_list":["post-4368","post","type-post","status-publish","format-standard","has-post-thumbnail","hentry","category-institucional-gremial","category-noticias","category-portada"],"_links":{"self":[{"href":"https:\/\/caf.org.uy\/caf\/wp-json\/wp\/v2\/posts\/4368","targetHints":{"allow":["GET"]}}],"collection":[{"href":"https:\/\/caf.org.uy\/caf\/wp-json\/wp\/v2\/posts"}],"about":[{"href":"https:\/\/caf.org.uy\/caf\/wp-json\/wp\/v2\/types\/post"}],"author":[{"embeddable":true,"href":"https:\/\/caf.org.uy\/caf\/wp-json\/wp\/v2\/users\/1"}],"replies":[{"embeddable":true,"href":"https:\/\/caf.org.uy\/caf\/wp-json\/wp\/v2\/comments?post=4368"}],"version-history":[{"count":0,"href":"https:\/\/caf.org.uy\/caf\/wp-json\/wp\/v2\/posts\/4368\/revisions"}],"wp:featuredmedia":[{"embeddable":true,"href":"https:\/\/caf.org.uy\/caf\/wp-json\/wp\/v2\/media\/4369"}],"wp:attachment":[{"href":"https:\/\/caf.org.uy\/caf\/wp-json\/wp\/v2\/media?parent=4368"}],"wp:term":[{"taxonomy":"category","embeddable":true,"href":"https:\/\/caf.org.uy\/caf\/wp-json\/wp\/v2\/categories?post=4368"},{"taxonomy":"post_tag","embeddable":true,"href":"https:\/\/caf.org.uy\/caf\/wp-json\/wp\/v2\/tags?post=4368"}],"curies":[{"name":"wp","href":"https:\/\/api.w.org\/{rel}","templated":true}]}}