{"id":4312,"date":"2016-10-12T10:28:41","date_gmt":"2016-10-12T10:28:41","guid":{"rendered":"http:\/\/www.caf.org.uy\/site\/?p=4312"},"modified":"2016-10-12T10:28:41","modified_gmt":"2016-10-12T10:28:41","slug":"caf-aporto-su-vision-a-los-ejes-tematicos-de-cumbre-aci","status":"publish","type":"post","link":"https:\/\/caf.org.uy\/caf\/caf-aporto-su-vision-a-los-ejes-tematicos-de-cumbre-aci\/","title":{"rendered":"CAF aport\u00f3 su visi\u00f3n a los Ejes Tem\u00e1ticos de Cumbre ACI"},"content":{"rendered":"<p>En el marco del Consejo Directivo, las autoridades de CAF participaron de un taller facilitado por t\u00e9cnicos de CUDECOOP, con el fin de aportar su visi\u00f3n a los tres ejes tem\u00e1ticos de la IV Cumbre de Cooperativas de las Am\u00e9ricas de ACI organizado por la Confederaci\u00f3n de Cooperativas Uruguayas de la cual CAF es socia.<br \/>\nLos tres ejes tem\u00e1ticos son I Poder, Mercado, Democracia y Desarrollo; II Econom\u00eda Social y Solidaria. III Contribuci\u00f3n de las Cooperativas al Desarrollo Sostenible, los cuales fueron abordados por los directivos desde el aporte que las cooperativas agrarias hacen y pueden hacer a estos temas. Estos aportes con los brindados por las dem\u00e1s Federaciones de otras clases cooperativas ser\u00e1n volcados a un documento final como el aporte de Uruguay a la Cumbre de las Am\u00e9ricas.<\/p>\n","protected":false},"excerpt":{"rendered":"<p>En el marco del Consejo Directivo, las autoridades de CAF participaron de un taller facilitado por t\u00e9cnicos de CUDECOOP, con el fin de aportar su visi\u00f3n a los tres ejes &hellip; <a class=\"readmore\" href=\"https:\/\/caf.org.uy\/caf\/caf-aporto-su-vision-a-los-ejes-tematicos-de-cumbre-aci\/\">Seguir leyendo &rarr;<\/a><\/p>\n","protected":false},"author":1,"featured_media":4313,"comment_status":"open","ping_status":"closed","sticky":false,"template":"","format":"standard","meta":{"csbAdvScrollBarCursor":"","footnotes":""},"categories":[20,2,42],"tags":[],"class_list":["post-4312","post","type-post","status-publish","format-standard","has-post-thumbnail","hentry","category-institucional-gremial","category-noticias","category-portada"],"_links":{"self":[{"href":"https:\/\/caf.org.uy\/caf\/wp-json\/wp\/v2\/posts\/4312","targetHints":{"allow":["GET"]}}],"collection":[{"href":"https:\/\/caf.org.uy\/caf\/wp-json\/wp\/v2\/posts"}],"about":[{"href":"https:\/\/caf.org.uy\/caf\/wp-json\/wp\/v2\/types\/post"}],"author":[{"embeddable":true,"href":"https:\/\/caf.org.uy\/caf\/wp-json\/wp\/v2\/users\/1"}],"replies":[{"embeddable":true,"href":"https:\/\/caf.org.uy\/caf\/wp-json\/wp\/v2\/comments?post=4312"}],"version-history":[{"count":0,"href":"https:\/\/caf.org.uy\/caf\/wp-json\/wp\/v2\/posts\/4312\/revisions"}],"wp:featuredmedia":[{"embeddable":true,"href":"https:\/\/caf.org.uy\/caf\/wp-json\/wp\/v2\/media\/4313"}],"wp:attachment":[{"href":"https:\/\/caf.org.uy\/caf\/wp-json\/wp\/v2\/media?parent=4312"}],"wp:term":[{"taxonomy":"category","embeddable":true,"href":"https:\/\/caf.org.uy\/caf\/wp-json\/wp\/v2\/categories?post=4312"},{"taxonomy":"post_tag","embeddable":true,"href":"https:\/\/caf.org.uy\/caf\/wp-json\/wp\/v2\/tags?post=4312"}],"curies":[{"name":"wp","href":"https:\/\/api.w.org\/{rel}","templated":true}]}}