{"id":4304,"date":"2016-10-11T20:18:54","date_gmt":"2016-10-11T20:18:54","guid":{"rendered":"https:\/\/caf.org.uy\/caf\/?p=4304"},"modified":"2016-10-11T20:18:54","modified_gmt":"2016-10-11T20:18:54","slug":"reconocimiento-y-homenaje-a-juan-daniel-vago","status":"publish","type":"post","link":"https:\/\/caf.org.uy\/caf\/reconocimiento-y-homenaje-a-juan-daniel-vago\/","title":{"rendered":"Reconocimiento y homenaje a Juan Daniel Vago"},"content":{"rendered":"<p>El hoy ex presidente de CAF, Juan Daniel Vago, seguir\u00e1 en el Consejo Directivo como Vicepresidente. Estos 5 a\u00f1os presidiendo la instituci\u00f3n le mereci\u00f3 un emotivo homenaje en el marco del Consejo Directivo donde no faltaron las palabras de reconocimiento a sus aportes e invalorable dedicaci\u00f3n. Juan Daniel mencion\u00f3 en sus palabras la \u00abnecesaria renovaci\u00f3n\u00bb predicando con el ejemplo \u00aben CAF siem pre promovimos el recambio generacional y estos son espacios formativos, por lo tanto se hace imprescindible un cambio y este era el momento\u00bb, dijo Juan Daniel Vago.<\/p>\n","protected":false},"excerpt":{"rendered":"<p>El hoy ex presidente de CAF, Juan Daniel Vago, seguir\u00e1 en el Consejo Directivo como Vicepresidente. Estos 5 a\u00f1os presidiendo la instituci\u00f3n le mereci\u00f3 un emotivo homenaje en el marco &hellip; <a class=\"readmore\" href=\"https:\/\/caf.org.uy\/caf\/reconocimiento-y-homenaje-a-juan-daniel-vago\/\">Seguir leyendo &rarr;<\/a><\/p>\n","protected":false},"author":5,"featured_media":4305,"comment_status":"open","ping_status":"closed","sticky":false,"template":"","format":"standard","meta":{"csbAdvScrollBarCursor":"","footnotes":""},"categories":[20,2,42],"tags":[],"class_list":["post-4304","post","type-post","status-publish","format-standard","has-post-thumbnail","hentry","category-institucional-gremial","category-noticias","category-portada"],"_links":{"self":[{"href":"https:\/\/caf.org.uy\/caf\/wp-json\/wp\/v2\/posts\/4304","targetHints":{"allow":["GET"]}}],"collection":[{"href":"https:\/\/caf.org.uy\/caf\/wp-json\/wp\/v2\/posts"}],"about":[{"href":"https:\/\/caf.org.uy\/caf\/wp-json\/wp\/v2\/types\/post"}],"author":[{"embeddable":true,"href":"https:\/\/caf.org.uy\/caf\/wp-json\/wp\/v2\/users\/5"}],"replies":[{"embeddable":true,"href":"https:\/\/caf.org.uy\/caf\/wp-json\/wp\/v2\/comments?post=4304"}],"version-history":[{"count":1,"href":"https:\/\/caf.org.uy\/caf\/wp-json\/wp\/v2\/posts\/4304\/revisions"}],"predecessor-version":[{"id":4306,"href":"https:\/\/caf.org.uy\/caf\/wp-json\/wp\/v2\/posts\/4304\/revisions\/4306"}],"wp:featuredmedia":[{"embeddable":true,"href":"https:\/\/caf.org.uy\/caf\/wp-json\/wp\/v2\/media\/4305"}],"wp:attachment":[{"href":"https:\/\/caf.org.uy\/caf\/wp-json\/wp\/v2\/media?parent=4304"}],"wp:term":[{"taxonomy":"category","embeddable":true,"href":"https:\/\/caf.org.uy\/caf\/wp-json\/wp\/v2\/categories?post=4304"},{"taxonomy":"post_tag","embeddable":true,"href":"https:\/\/caf.org.uy\/caf\/wp-json\/wp\/v2\/tags?post=4304"}],"curies":[{"name":"wp","href":"https:\/\/api.w.org\/{rel}","templated":true}]}}