{"id":4299,"date":"2016-10-11T19:30:15","date_gmt":"2016-10-11T19:30:15","guid":{"rendered":"https:\/\/caf.org.uy\/caf\/?p=4299"},"modified":"2016-10-14T14:36:19","modified_gmt":"2016-10-14T14:36:19","slug":"hoy-asumio-la-nueva-presidente-de-caf","status":"publish","type":"post","link":"https:\/\/caf.org.uy\/caf\/hoy-asumio-la-nueva-presidente-de-caf\/","title":{"rendered":"Hoy asumi\u00f3 la nueva Presidenta de CAF"},"content":{"rendered":"<p>Virginia San Mart\u00edn, productora de San Carlos, ingeniera agr\u00f3noma y directiva de la cooperativa de CALIMA hoy asumi\u00f3 como nueva presidenta de las Cooperativas Agrarias Federadas. Votada por unanimidad en el Consejo Directivo Virginia recibi\u00f3 todo el apoyo de los directivos quienes destacaron su trayectoria en CAF, su capacidad de trabajo y v\u00ednculo con el sistema cooperativo agrario.<\/p>\n<p>Virginia fue presidenta de la Rural de San Carlos, socia y directiva de la cooperativa CALIMA y en CAF se inici\u00f3 como integrante del Grupo de J\u00f3venes Empresarios Ganaderos que surgi\u00f3 del Congreso Ganadero del a\u00f1o 2004. Luego paso a integrar el Consejo Directivo de CAF como suplente, como Secretaria y luego como Vicepresidenta.<\/p>\n<p>Hoy asumi\u00f3 este nuevo rol con compromiso y responsabilidad, haciendo \u00e9nfasis en el gusto por el trabajo en equipo en un marco de confianza.<\/p>\n<p>Inicia una nueva etapa.<\/p>\n<p><img fetchpriority=\"high\" decoding=\"async\" class=\"aligncenter size-large wp-image-4300\" src=\"https:\/\/caf.org.uy\/caf\/wp-content\/uploads\/2016\/10\/IMG-20161011-WA0011-650x391.jpg\" alt=\"img-20161011-wa0011\" width=\"650\" height=\"391\" srcset=\"https:\/\/caf.org.uy\/caf\/wp-content\/uploads\/2016\/10\/IMG-20161011-WA0011-650x391.jpg 650w, https:\/\/caf.org.uy\/caf\/wp-content\/uploads\/2016\/10\/IMG-20161011-WA0011-420x253.jpg 420w, https:\/\/caf.org.uy\/caf\/wp-content\/uploads\/2016\/10\/IMG-20161011-WA0011-768x462.jpg 768w, https:\/\/caf.org.uy\/caf\/wp-content\/uploads\/2016\/10\/IMG-20161011-WA0011-1000x602.jpg 1000w, https:\/\/caf.org.uy\/caf\/wp-content\/uploads\/2016\/10\/IMG-20161011-WA0011.jpg 1280w\" sizes=\"(max-width: 650px) 100vw, 650px\" \/><\/p>\n","protected":false},"excerpt":{"rendered":"<p>Virginia San Mart\u00edn, productora de San Carlos, ingeniera agr\u00f3noma y directiva de la cooperativa de CALIMA hoy asumi\u00f3 como nueva presidenta de las Cooperativas Agrarias Federadas. Votada por unanimidad en &hellip; <a class=\"readmore\" href=\"https:\/\/caf.org.uy\/caf\/hoy-asumio-la-nueva-presidente-de-caf\/\">Seguir leyendo &rarr;<\/a><\/p>\n","protected":false},"author":5,"featured_media":4303,"comment_status":"open","ping_status":"closed","sticky":false,"template":"","format":"standard","meta":{"csbAdvScrollBarCursor":"","footnotes":""},"categories":[20,2,42],"tags":[],"class_list":["post-4299","post","type-post","status-publish","format-standard","has-post-thumbnail","hentry","category-institucional-gremial","category-noticias","category-portada"],"_links":{"self":[{"href":"https:\/\/caf.org.uy\/caf\/wp-json\/wp\/v2\/posts\/4299","targetHints":{"allow":["GET"]}}],"collection":[{"href":"https:\/\/caf.org.uy\/caf\/wp-json\/wp\/v2\/posts"}],"about":[{"href":"https:\/\/caf.org.uy\/caf\/wp-json\/wp\/v2\/types\/post"}],"author":[{"embeddable":true,"href":"https:\/\/caf.org.uy\/caf\/wp-json\/wp\/v2\/users\/5"}],"replies":[{"embeddable":true,"href":"https:\/\/caf.org.uy\/caf\/wp-json\/wp\/v2\/comments?post=4299"}],"version-history":[{"count":3,"href":"https:\/\/caf.org.uy\/caf\/wp-json\/wp\/v2\/posts\/4299\/revisions"}],"predecessor-version":[{"id":4321,"href":"https:\/\/caf.org.uy\/caf\/wp-json\/wp\/v2\/posts\/4299\/revisions\/4321"}],"wp:featuredmedia":[{"embeddable":true,"href":"https:\/\/caf.org.uy\/caf\/wp-json\/wp\/v2\/media\/4303"}],"wp:attachment":[{"href":"https:\/\/caf.org.uy\/caf\/wp-json\/wp\/v2\/media?parent=4299"}],"wp:term":[{"taxonomy":"category","embeddable":true,"href":"https:\/\/caf.org.uy\/caf\/wp-json\/wp\/v2\/categories?post=4299"},{"taxonomy":"post_tag","embeddable":true,"href":"https:\/\/caf.org.uy\/caf\/wp-json\/wp\/v2\/tags?post=4299"}],"curies":[{"name":"wp","href":"https:\/\/api.w.org\/{rel}","templated":true}]}}