{"id":4289,"date":"2016-10-06T16:43:57","date_gmt":"2016-10-06T16:43:57","guid":{"rendered":"https:\/\/caf.org.uy\/caf\/?p=4289"},"modified":"2016-10-06T16:43:57","modified_gmt":"2016-10-06T16:43:57","slug":"presentacion-del-documento-desafios-en-materia-de-competitividad","status":"publish","type":"post","link":"https:\/\/caf.org.uy\/caf\/presentacion-del-documento-desafios-en-materia-de-competitividad\/","title":{"rendered":"Presentaci\u00f3n del Documento \u00abDesaf\u00edos en materia de competitividad\u00bb"},"content":{"rendered":"<p>Como miembros de la Confederaci\u00f3n de C\u00e1maras Empresariales invitamos a la presentaci\u00f3n del documento Desaf\u00edos en materia de competitividad: una mirada desde la \u00f3ptica empresarial. Los esperamos el martes 11 de octubre a las 9 hs en la Sala de Conferencias piso 4 del Radisson Montevideo Victoria Plaza Hotel.<\/p>\n<p>&nbsp;<\/p>\n<p><img fetchpriority=\"high\" decoding=\"async\" class=\"aligncenter size-large wp-image-4290\" src=\"https:\/\/caf.org.uy\/caf\/wp-content\/uploads\/2016\/10\/competitividad_6-482x480.jpg\" alt=\"competitividad_6\" width=\"482\" height=\"480\" srcset=\"https:\/\/caf.org.uy\/caf\/wp-content\/uploads\/2016\/10\/competitividad_6-482x480.jpg 482w, https:\/\/caf.org.uy\/caf\/wp-content\/uploads\/2016\/10\/competitividad_6-311x310.jpg 311w, https:\/\/caf.org.uy\/caf\/wp-content\/uploads\/2016\/10\/competitividad_6-768x764.jpg 768w, https:\/\/caf.org.uy\/caf\/wp-content\/uploads\/2016\/10\/competitividad_6.jpg 870w\" sizes=\"(max-width: 482px) 100vw, 482px\" \/><\/p>\n<p>&nbsp;<\/p>\n","protected":false},"excerpt":{"rendered":"<p>Como miembros de la Confederaci\u00f3n de C\u00e1maras Empresariales invitamos a la presentaci\u00f3n del documento Desaf\u00edos en materia de competitividad: una mirada desde la \u00f3ptica empresarial. Los esperamos el martes 11 &hellip; <a class=\"readmore\" href=\"https:\/\/caf.org.uy\/caf\/presentacion-del-documento-desafios-en-materia-de-competitividad\/\">Seguir leyendo &rarr;<\/a><\/p>\n","protected":false},"author":5,"featured_media":4290,"comment_status":"open","ping_status":"closed","sticky":false,"template":"","format":"standard","meta":{"csbAdvScrollBarCursor":"","footnotes":""},"categories":[20,2,42],"tags":[],"class_list":["post-4289","post","type-post","status-publish","format-standard","has-post-thumbnail","hentry","category-institucional-gremial","category-noticias","category-portada"],"_links":{"self":[{"href":"https:\/\/caf.org.uy\/caf\/wp-json\/wp\/v2\/posts\/4289","targetHints":{"allow":["GET"]}}],"collection":[{"href":"https:\/\/caf.org.uy\/caf\/wp-json\/wp\/v2\/posts"}],"about":[{"href":"https:\/\/caf.org.uy\/caf\/wp-json\/wp\/v2\/types\/post"}],"author":[{"embeddable":true,"href":"https:\/\/caf.org.uy\/caf\/wp-json\/wp\/v2\/users\/5"}],"replies":[{"embeddable":true,"href":"https:\/\/caf.org.uy\/caf\/wp-json\/wp\/v2\/comments?post=4289"}],"version-history":[{"count":1,"href":"https:\/\/caf.org.uy\/caf\/wp-json\/wp\/v2\/posts\/4289\/revisions"}],"predecessor-version":[{"id":4291,"href":"https:\/\/caf.org.uy\/caf\/wp-json\/wp\/v2\/posts\/4289\/revisions\/4291"}],"wp:featuredmedia":[{"embeddable":true,"href":"https:\/\/caf.org.uy\/caf\/wp-json\/wp\/v2\/media\/4290"}],"wp:attachment":[{"href":"https:\/\/caf.org.uy\/caf\/wp-json\/wp\/v2\/media?parent=4289"}],"wp:term":[{"taxonomy":"category","embeddable":true,"href":"https:\/\/caf.org.uy\/caf\/wp-json\/wp\/v2\/categories?post=4289"},{"taxonomy":"post_tag","embeddable":true,"href":"https:\/\/caf.org.uy\/caf\/wp-json\/wp\/v2\/tags?post=4289"}],"curies":[{"name":"wp","href":"https:\/\/api.w.org\/{rel}","templated":true}]}}