{"id":4262,"date":"2016-09-12T20:10:09","date_gmt":"2016-09-12T20:10:09","guid":{"rendered":"http:\/\/www.caf.org.uy\/site\/?p=4262"},"modified":"2016-09-12T20:10:09","modified_gmt":"2016-09-12T20:10:09","slug":"caf-sera-aliado-estrategico-del-mgap-por-conciencia-agropecuaria","status":"publish","type":"post","link":"https:\/\/caf.org.uy\/caf\/caf-sera-aliado-estrategico-del-mgap-por-conciencia-agropecuaria\/","title":{"rendered":"CAF ser\u00e1 aliado estrat\u00e9gico del MGAP por Conciencia Agropecuaria"},"content":{"rendered":"<p>Dando continuidad al trabajo iniciado por CAF con apoyo del Ministerio de Ganader\u00eda en relaci\u00f3n a mejorar la imagen p\u00fablica del sector agropecuario y la creaci\u00f3n de conciencia agropecuaria en el Uruguay m\u00e1s urbano, d\u00edas atr\u00e1s se realiz\u00f3 en el stand del MGAP el lanzamiento del proyecto interinstitucional de Promoci\u00f3n de la Conciencia Agropecuaria en el pa\u00eds.<br \/>\nDurante el\u00a0lanzamiento se presentaron los principales lineamientos estrat\u00e9gicos de este proyecto y fundamentalmente las autoridades de IICA, FAO, CODICEN, INALE en representaci\u00f3n de la institucionalidad, MGAP y CAF manifestaron su apoyo en encaminar esta iniciativa tan necesaria para el pa\u00eds.<br \/>\n&nbsp;<\/p>\n","protected":false},"excerpt":{"rendered":"<p>Dando continuidad al trabajo iniciado por CAF con apoyo del Ministerio de Ganader\u00eda en relaci\u00f3n a mejorar la imagen p\u00fablica del sector agropecuario y la creaci\u00f3n de conciencia agropecuaria en &hellip; <a class=\"readmore\" href=\"https:\/\/caf.org.uy\/caf\/caf-sera-aliado-estrategico-del-mgap-por-conciencia-agropecuaria\/\">Seguir leyendo &rarr;<\/a><\/p>\n","protected":false},"author":1,"featured_media":4263,"comment_status":"open","ping_status":"closed","sticky":false,"template":"","format":"standard","meta":{"csbAdvScrollBarCursor":"","footnotes":""},"categories":[20,2,42],"tags":[],"class_list":["post-4262","post","type-post","status-publish","format-standard","has-post-thumbnail","hentry","category-institucional-gremial","category-noticias","category-portada"],"_links":{"self":[{"href":"https:\/\/caf.org.uy\/caf\/wp-json\/wp\/v2\/posts\/4262","targetHints":{"allow":["GET"]}}],"collection":[{"href":"https:\/\/caf.org.uy\/caf\/wp-json\/wp\/v2\/posts"}],"about":[{"href":"https:\/\/caf.org.uy\/caf\/wp-json\/wp\/v2\/types\/post"}],"author":[{"embeddable":true,"href":"https:\/\/caf.org.uy\/caf\/wp-json\/wp\/v2\/users\/1"}],"replies":[{"embeddable":true,"href":"https:\/\/caf.org.uy\/caf\/wp-json\/wp\/v2\/comments?post=4262"}],"version-history":[{"count":0,"href":"https:\/\/caf.org.uy\/caf\/wp-json\/wp\/v2\/posts\/4262\/revisions"}],"wp:featuredmedia":[{"embeddable":true,"href":"https:\/\/caf.org.uy\/caf\/wp-json\/wp\/v2\/media\/4263"}],"wp:attachment":[{"href":"https:\/\/caf.org.uy\/caf\/wp-json\/wp\/v2\/media?parent=4262"}],"wp:term":[{"taxonomy":"category","embeddable":true,"href":"https:\/\/caf.org.uy\/caf\/wp-json\/wp\/v2\/categories?post=4262"},{"taxonomy":"post_tag","embeddable":true,"href":"https:\/\/caf.org.uy\/caf\/wp-json\/wp\/v2\/tags?post=4262"}],"curies":[{"name":"wp","href":"https:\/\/api.w.org\/{rel}","templated":true}]}}