{"id":4254,"date":"2016-09-12T19:51:10","date_gmt":"2016-09-12T19:51:10","guid":{"rendered":"http:\/\/www.caf.org.uy\/site\/?p=4254"},"modified":"2016-09-12T19:51:10","modified_gmt":"2016-09-12T19:51:10","slug":"caf-presente-en-expo-prado-2016","status":"publish","type":"post","link":"https:\/\/caf.org.uy\/caf\/caf-presente-en-expo-prado-2016\/","title":{"rendered":"CAF presente en Expo Prado 2016"},"content":{"rendered":"<p>Por tercer a\u00f1o consecutivo CAF participa en el stand de INACOOP con una muestra de alguna de sus cooperativas agrarias socias. Este a\u00f1o COPAGRAN, CALIMA, COLAVECO y el Grupo de J\u00f3venes de JUMECAL estar\u00e1n en diferentes d\u00edas de la semana compartiendo su experiencia en el stand. CAF agradece a INACOOP por el espacio que junto a otras clases cooperativas est\u00e1n exponiendo en esta Expo Prado 2016.<br \/>\nCompartimos aqu\u00ed el calendario:<br \/>\n<img fetchpriority=\"high\" decoding=\"async\" class=\"aligncenter size-large wp-image-4255\" src=\"http:\/\/www.caf.org.uy\/site\/wp-content\/uploads\/2016\/09\/portada-prado2016-650x239.jpg\" alt=\"portada-prado2016\" width=\"650\" height=\"239\" srcset=\"https:\/\/caf.org.uy\/caf\/wp-content\/uploads\/2016\/09\/portada-prado2016-650x239.jpg 650w, https:\/\/caf.org.uy\/caf\/wp-content\/uploads\/2016\/09\/portada-prado2016-420x155.jpg 420w, https:\/\/caf.org.uy\/caf\/wp-content\/uploads\/2016\/09\/portada-prado2016-768x283.jpg 768w, https:\/\/caf.org.uy\/caf\/wp-content\/uploads\/2016\/09\/portada-prado2016.jpg 853w\" sizes=\"(max-width: 650px) 100vw, 650px\" \/><\/p>\n","protected":false},"excerpt":{"rendered":"<p>Por tercer a\u00f1o consecutivo CAF participa en el stand de INACOOP con una muestra de alguna de sus cooperativas agrarias socias. Este a\u00f1o COPAGRAN, CALIMA, COLAVECO y el Grupo de &hellip; <a class=\"readmore\" href=\"https:\/\/caf.org.uy\/caf\/caf-presente-en-expo-prado-2016\/\">Seguir leyendo &rarr;<\/a><\/p>\n","protected":false},"author":1,"featured_media":4257,"comment_status":"open","ping_status":"closed","sticky":false,"template":"","format":"standard","meta":{"csbAdvScrollBarCursor":"","footnotes":""},"categories":[20,2,42],"tags":[],"class_list":["post-4254","post","type-post","status-publish","format-standard","has-post-thumbnail","hentry","category-institucional-gremial","category-noticias","category-portada"],"_links":{"self":[{"href":"https:\/\/caf.org.uy\/caf\/wp-json\/wp\/v2\/posts\/4254","targetHints":{"allow":["GET"]}}],"collection":[{"href":"https:\/\/caf.org.uy\/caf\/wp-json\/wp\/v2\/posts"}],"about":[{"href":"https:\/\/caf.org.uy\/caf\/wp-json\/wp\/v2\/types\/post"}],"author":[{"embeddable":true,"href":"https:\/\/caf.org.uy\/caf\/wp-json\/wp\/v2\/users\/1"}],"replies":[{"embeddable":true,"href":"https:\/\/caf.org.uy\/caf\/wp-json\/wp\/v2\/comments?post=4254"}],"version-history":[{"count":0,"href":"https:\/\/caf.org.uy\/caf\/wp-json\/wp\/v2\/posts\/4254\/revisions"}],"wp:featuredmedia":[{"embeddable":true,"href":"https:\/\/caf.org.uy\/caf\/wp-json\/wp\/v2\/media\/4257"}],"wp:attachment":[{"href":"https:\/\/caf.org.uy\/caf\/wp-json\/wp\/v2\/media?parent=4254"}],"wp:term":[{"taxonomy":"category","embeddable":true,"href":"https:\/\/caf.org.uy\/caf\/wp-json\/wp\/v2\/categories?post=4254"},{"taxonomy":"post_tag","embeddable":true,"href":"https:\/\/caf.org.uy\/caf\/wp-json\/wp\/v2\/tags?post=4254"}],"curies":[{"name":"wp","href":"https:\/\/api.w.org\/{rel}","templated":true}]}}