{"id":4246,"date":"2016-09-12T12:55:34","date_gmt":"2016-09-12T12:55:34","guid":{"rendered":"https:\/\/caf.org.uy\/caf\/?p=4246"},"modified":"2016-09-12T12:55:59","modified_gmt":"2016-09-12T12:55:59","slug":"perdida-de-competitividad-preocupa-a-las-gremiales-rurales","status":"publish","type":"post","link":"https:\/\/caf.org.uy\/caf\/perdida-de-competitividad-preocupa-a-las-gremiales-rurales\/","title":{"rendered":"P\u00e9rdida de competitividad preocupa a las gremiales Rurales"},"content":{"rendered":"<p>Gremiales rurales se reunieron en el marco de la Rural del Prado compartiendo una misma preocupaci\u00f3n por la situaci\u00f3n del agro.<\/p>\n<p>El Presidente de la Asociaci\u00f3n Rural del Uruguay recibi\u00f3 en la Rural del Prado a sus pares de la Asociaci\u00f3n Nacional de Productores de Leche, Comisi\u00f3n Nacional de Fomento Rural, Cooperativas Agrarias Federadas y Federaci\u00f3n Rural.<\/p>\n<p>La oportunidad fue propicia para compartir una misma preocupaci\u00f3n referida a la creciente p\u00e9rdida de competitividad de la producci\u00f3n agropecuaria en los \u00faltimos a\u00f1os. Se coincidi\u00f3 en la com\u00fan preocupaci\u00f3n por los costos de producci\u00f3n, en particular combustibles, la p\u00e9rdida de rentabilidad y consecuente endeudamiento, d\u00f3nde el tipo de cambio real sigue siendo una de las principales causas, adem\u00e1s de los persistentes problemas en la infraestructura vial.<\/p>\n<p>Se dialog\u00f3 sobre varios aspectos vinculados a sanidad animal y las dificultades que en la materia enfrenta la producci\u00f3n. Con la misma preocupaci\u00f3n se analiz\u00f3 las serias limitantes del sistema educativo actual, a la vez de las dificultades crecientes para el recambio generacional en las empresas rurales familiares.<\/p>\n<p>La reuni\u00f3n finaliz\u00f3 en un \u00e1mbito de confraternidad y comunidad de ideas entre los dirigentes ruralistas.<\/p>\n<p>Fuente: El Pais<\/p>\n<p><img fetchpriority=\"high\" decoding=\"async\" class=\"aligncenter size-large wp-image-4247\" src=\"https:\/\/caf.org.uy\/caf\/wp-content\/uploads\/2016\/09\/reunion-presidentes-en-ARU-expo-prado-650x408.jpg\" alt=\"reunion-presidentes-en-aru-expo-prado\" width=\"650\" height=\"408\" srcset=\"https:\/\/caf.org.uy\/caf\/wp-content\/uploads\/2016\/09\/reunion-presidentes-en-ARU-expo-prado-650x408.jpg 650w, https:\/\/caf.org.uy\/caf\/wp-content\/uploads\/2016\/09\/reunion-presidentes-en-ARU-expo-prado-420x264.jpg 420w, https:\/\/caf.org.uy\/caf\/wp-content\/uploads\/2016\/09\/reunion-presidentes-en-ARU-expo-prado.jpg 768w\" sizes=\"(max-width: 650px) 100vw, 650px\" \/><\/p>\n","protected":false},"excerpt":{"rendered":"<p>Gremiales rurales se reunieron en el marco de la Rural del Prado compartiendo una misma preocupaci\u00f3n por la situaci\u00f3n del agro. El Presidente de la Asociaci\u00f3n Rural del Uruguay recibi\u00f3 &hellip; <a class=\"readmore\" href=\"https:\/\/caf.org.uy\/caf\/perdida-de-competitividad-preocupa-a-las-gremiales-rurales\/\">Seguir leyendo &rarr;<\/a><\/p>\n","protected":false},"author":5,"featured_media":4247,"comment_status":"open","ping_status":"closed","sticky":false,"template":"","format":"standard","meta":{"csbAdvScrollBarCursor":"","footnotes":""},"categories":[20,2,42],"tags":[],"class_list":["post-4246","post","type-post","status-publish","format-standard","has-post-thumbnail","hentry","category-institucional-gremial","category-noticias","category-portada"],"_links":{"self":[{"href":"https:\/\/caf.org.uy\/caf\/wp-json\/wp\/v2\/posts\/4246","targetHints":{"allow":["GET"]}}],"collection":[{"href":"https:\/\/caf.org.uy\/caf\/wp-json\/wp\/v2\/posts"}],"about":[{"href":"https:\/\/caf.org.uy\/caf\/wp-json\/wp\/v2\/types\/post"}],"author":[{"embeddable":true,"href":"https:\/\/caf.org.uy\/caf\/wp-json\/wp\/v2\/users\/5"}],"replies":[{"embeddable":true,"href":"https:\/\/caf.org.uy\/caf\/wp-json\/wp\/v2\/comments?post=4246"}],"version-history":[{"count":2,"href":"https:\/\/caf.org.uy\/caf\/wp-json\/wp\/v2\/posts\/4246\/revisions"}],"predecessor-version":[{"id":4249,"href":"https:\/\/caf.org.uy\/caf\/wp-json\/wp\/v2\/posts\/4246\/revisions\/4249"}],"wp:featuredmedia":[{"embeddable":true,"href":"https:\/\/caf.org.uy\/caf\/wp-json\/wp\/v2\/media\/4247"}],"wp:attachment":[{"href":"https:\/\/caf.org.uy\/caf\/wp-json\/wp\/v2\/media?parent=4246"}],"wp:term":[{"taxonomy":"category","embeddable":true,"href":"https:\/\/caf.org.uy\/caf\/wp-json\/wp\/v2\/categories?post=4246"},{"taxonomy":"post_tag","embeddable":true,"href":"https:\/\/caf.org.uy\/caf\/wp-json\/wp\/v2\/tags?post=4246"}],"curies":[{"name":"wp","href":"https:\/\/api.w.org\/{rel}","templated":true}]}}