{"id":4179,"date":"2016-08-16T14:58:49","date_gmt":"2016-08-16T14:58:49","guid":{"rendered":"https:\/\/caf.org.uy\/caf\/?p=4179"},"modified":"2016-08-16T14:58:49","modified_gmt":"2016-08-16T14:58:49","slug":"dialogos-de-caf-con-el-gobierno-insercion-internacional-y-cadenas-de-valor-en-dificultades","status":"publish","type":"post","link":"https:\/\/caf.org.uy\/caf\/dialogos-de-caf-con-el-gobierno-insercion-internacional-y-cadenas-de-valor-en-dificultades\/","title":{"rendered":"Di\u00e1logos de CAF con el Gobierno: Inserci\u00f3n internacional y cadenas de valor en dificultades"},"content":{"rendered":"<p>En el marco de la Asamblea de CAF, el pr\u00f3ximo 23 de agosto, los productores de las cooperativas agrarias estar\u00e1n dialogando con el canciller Rodolfo Nin Novoa y el director de OPP \u00c1lvaro Garc\u00eda. El marco es el espacio Di\u00e1logos de CAF con el Gobierno, donde se estar\u00e1n intercambiando sobre dos temas fundamentales y estrat\u00e9gicos para CAF, por un lado la inserci\u00f3n internacional y por otro las Cadenas Globales de Valor Agropecuarias y Agroindustriales, que se encuentran en dificultades.<\/p>\n<p>Antes, los asambleistas de CAF estar\u00e1n abocados a compartir la Memoria Anual 2015-2016, estados contables y presupuesto para el pr\u00f3ximo ejercicio. Este ser\u00e1 un espacio cerrado a los directivos de las entidades asociadas de CAF. Cabe se\u00f1alar que esta Asamblea llevar\u00e1 el nombre \u00abDon Jorge Artagaveytia\u00bb en conmemoraci\u00f3n a nuestro primer presidente recientemente fallecido.<\/p>\n<p>Sobre las 12.30 hs se abren las puertas para recibir los invitados especiales y la prensa en el espacio Di\u00e1logos de CAF con el Gobierno.<\/p>\n","protected":false},"excerpt":{"rendered":"<p>En el marco de la Asamblea de CAF, el pr\u00f3ximo 23 de agosto, los productores de las cooperativas agrarias estar\u00e1n dialogando con el canciller Rodolfo Nin Novoa y el director &hellip; <a class=\"readmore\" href=\"https:\/\/caf.org.uy\/caf\/dialogos-de-caf-con-el-gobierno-insercion-internacional-y-cadenas-de-valor-en-dificultades\/\">Seguir leyendo &rarr;<\/a><\/p>\n","protected":false},"author":5,"featured_media":4180,"comment_status":"open","ping_status":"closed","sticky":false,"template":"","format":"standard","meta":{"csbAdvScrollBarCursor":"","footnotes":""},"categories":[20,2,42],"tags":[],"class_list":["post-4179","post","type-post","status-publish","format-standard","has-post-thumbnail","hentry","category-institucional-gremial","category-noticias","category-portada"],"_links":{"self":[{"href":"https:\/\/caf.org.uy\/caf\/wp-json\/wp\/v2\/posts\/4179","targetHints":{"allow":["GET"]}}],"collection":[{"href":"https:\/\/caf.org.uy\/caf\/wp-json\/wp\/v2\/posts"}],"about":[{"href":"https:\/\/caf.org.uy\/caf\/wp-json\/wp\/v2\/types\/post"}],"author":[{"embeddable":true,"href":"https:\/\/caf.org.uy\/caf\/wp-json\/wp\/v2\/users\/5"}],"replies":[{"embeddable":true,"href":"https:\/\/caf.org.uy\/caf\/wp-json\/wp\/v2\/comments?post=4179"}],"version-history":[{"count":1,"href":"https:\/\/caf.org.uy\/caf\/wp-json\/wp\/v2\/posts\/4179\/revisions"}],"predecessor-version":[{"id":4181,"href":"https:\/\/caf.org.uy\/caf\/wp-json\/wp\/v2\/posts\/4179\/revisions\/4181"}],"wp:featuredmedia":[{"embeddable":true,"href":"https:\/\/caf.org.uy\/caf\/wp-json\/wp\/v2\/media\/4180"}],"wp:attachment":[{"href":"https:\/\/caf.org.uy\/caf\/wp-json\/wp\/v2\/media?parent=4179"}],"wp:term":[{"taxonomy":"category","embeddable":true,"href":"https:\/\/caf.org.uy\/caf\/wp-json\/wp\/v2\/categories?post=4179"},{"taxonomy":"post_tag","embeddable":true,"href":"https:\/\/caf.org.uy\/caf\/wp-json\/wp\/v2\/tags?post=4179"}],"curies":[{"name":"wp","href":"https:\/\/api.w.org\/{rel}","templated":true}]}}