{"id":4159,"date":"2016-08-04T13:59:17","date_gmt":"2016-08-04T13:59:17","guid":{"rendered":"https:\/\/caf.org.uy\/caf\/?p=4159"},"modified":"2016-08-04T14:06:08","modified_gmt":"2016-08-04T14:06:08","slug":"mas-de-40-comunicadores-organizacionales-del-sector-agropecuario","status":"publish","type":"post","link":"https:\/\/caf.org.uy\/caf\/mas-de-40-comunicadores-organizacionales-del-sector-agropecuario\/","title":{"rendered":"M\u00e1s de 40 comunicadores pensando en la imagen del sector"},"content":{"rendered":"<p>\u00bfPor qu\u00e9 el Uruguay urbano tiene que entender el agro? \u00bfC\u00f3mo debemos adecuar las instituciones del sector agropecuario nuestra comunicaci\u00f3n dirigida al p\u00fablico no agrario? Estos otros temas fueron abordados durante el Seminario Taller Campo-Ciudad \u00bfmundos paralelos?, organizado por CAF con apoyo del MGAP, que tuvo lugar el pasado 28 de julio.<br \/>\nM\u00e1s de 40 comunicadores organizacionales del sector agropecuario se dieron cita en la sala Cacson, convocados por CAF con apoyo del MGAP, para <strong>pensar juntos sobre la imagen del sector<\/strong> a partir de conferencias que brindaron un marco te\u00f3rico (ver notas aparte) y as\u00ed culminar en un taller donde la reflexi\u00f3n conjunta y delinear la hoja de ruta fueron los objetivos fundamentales.<\/p>\n<p><img fetchpriority=\"high\" decoding=\"async\" class=\"aligncenter size-large wp-image-4163\" src=\"https:\/\/caf.org.uy\/caf\/wp-content\/uploads\/2016\/08\/IMG-20160802-WA0011-640x480.jpg\" alt=\"IMG-20160802-WA0011\" width=\"640\" height=\"480\" srcset=\"https:\/\/caf.org.uy\/caf\/wp-content\/uploads\/2016\/08\/IMG-20160802-WA0011-640x480.jpg 640w, https:\/\/caf.org.uy\/caf\/wp-content\/uploads\/2016\/08\/IMG-20160802-WA0011-413x310.jpg 413w, https:\/\/caf.org.uy\/caf\/wp-content\/uploads\/2016\/08\/IMG-20160802-WA0011-768x576.jpg 768w, https:\/\/caf.org.uy\/caf\/wp-content\/uploads\/2016\/08\/IMG-20160802-WA0011-1000x750.jpg 1000w, https:\/\/caf.org.uy\/caf\/wp-content\/uploads\/2016\/08\/IMG-20160802-WA0011.jpg 1280w\" sizes=\"(max-width: 640px) 100vw, 640px\" \/><\/p>\n<p>Patricia C\u00e9spedes, comunicadora de CAF, posterior al evento manifest\u00f3 la satisfacci\u00f3n de las Cooperativas Agrarias Federadas con la actividad ya que<strong> \u201crepresenta un moj\u00f3n importante, es una vieja aspiraci\u00f3n de CAF y una preocupaci\u00f3n central en la estrategia de comunicaci\u00f3n de la gremial abordar la imagen del sector en forma conjunta con la institucionalidad<\/strong>\u201d.<br \/>\nY agreg\u00f3 \u201ccomo responsable de pensar estrat\u00e9gicamente la comunicaci\u00f3n de CAF, entre otras cosas,<strong> nos preocupa desde hace tiempo la imagen que contribuimos a dar como cooperativas agrarias al sector<\/strong> en general, y por eso hemos trabajado en un determinado posicionamiento, y lo seguimos haciendo. Ya son muchas y cada vez m\u00e1s las cooperativas agrarias que profesionalizan su gesti\u00f3n de comunicaci\u00f3n. Pero entendemos que hay una responsabilidad compartida sobre la imagen construida del sector, y puede haber una forma integral de trabajar esta preocupaci\u00f3n, y es con toda la institucionalidad. Por eso pensamos en este evento que era clave para formarnos, pensar juntos, hacer una autocritica de nuestro rol y dise\u00f1ar la hoja de ruta que podemos transitar para comunicar el despegue rural\u201d.<\/p>\n<p>\u00bfC\u00f3mo sigue? La comunicadora de CAF inform\u00f3 que en los pr\u00f3ximos d\u00edas ya est\u00e1 agendada una reuni\u00f3n del Grupo de Comunicadores de CAF con el equipo del Ministerio de Ganader\u00eda, para evaluar la actividad y a partir de los insumos obtenidos en la misma, delinear los pr\u00f3ximos pasos y as\u00ed\u00a0tomar acci\u00f3n en el tema.<br \/>\nPatricia adem\u00e1s agradeci\u00f3 a la vicepresidenta de CAF, Virginia San Mart\u00edn y el gerente Luis Frachia, quienes acompa\u00f1aron durante toda la actividad dejando en claro lo estrat\u00e9gico que es este tema para la gremial. Tambi\u00e9n a los comunicadores Mar\u00eda In\u00e9s Moreira de CALIMA, Marita Costa de CALMER, Bernardo Ramos de URF y Valeria Willebard de la SFR Colonia Suiza, ya que conformando el Grupo de Comunicadores de CAF colaboraron en la organizaci\u00f3n de esta actividad.<\/p>\n<p>Todos los materiales del Taller se encuentran disponibles<a href=\"https:\/\/caf.org.uy\/caf\/?p=4132\" target=\"_blank\"> aqu\u00ed<\/a><br \/>\n<strong><span style=\"color: #808000;\">Vaya nuestro agradecimiento a las instituciones presentes:<\/span><\/strong><br \/>\n<strong><span style=\"color: #808000;\"> Cooperativas socias y vinculadas a CAF: CALIMA, CALMER, Central Lanera Uruguaya, CONAPROLE, Uni\u00f3n Rural de Flores, Sociedad de Fomento Rural Colonia Suiza y Sociedad de Fomento Rural La Casilla.<\/span><\/strong><br \/>\n<strong><span style=\"color: #808000;\"> Institucionalidad y academia: MGAP, IPA, INASE, INIA, INAC, INALE, INC, ACA, FUCREA, Unidad Alimentaria de Montevideo, UDELAR y AUCO.<\/span><\/strong><\/p>\n<p><img decoding=\"async\" class=\"aligncenter size-large wp-image-4149\" src=\"https:\/\/caf.org.uy\/caf\/wp-content\/uploads\/2016\/08\/IMG-20160728-WA0080-639x480.jpg\" alt=\"IMG-20160728-WA0080\" width=\"639\" height=\"480\" srcset=\"https:\/\/caf.org.uy\/caf\/wp-content\/uploads\/2016\/08\/IMG-20160728-WA0080-639x480.jpg 639w, https:\/\/caf.org.uy\/caf\/wp-content\/uploads\/2016\/08\/IMG-20160728-WA0080-413x310.jpg 413w, https:\/\/caf.org.uy\/caf\/wp-content\/uploads\/2016\/08\/IMG-20160728-WA0080-768x577.jpg 768w, https:\/\/caf.org.uy\/caf\/wp-content\/uploads\/2016\/08\/IMG-20160728-WA0080.jpg 852w\" sizes=\"(max-width: 639px) 100vw, 639px\" \/><\/p>\n","protected":false},"excerpt":{"rendered":"<p>\u00bfPor qu\u00e9 el Uruguay urbano tiene que entender el agro? \u00bfC\u00f3mo debemos adecuar las instituciones del sector agropecuario nuestra comunicaci\u00f3n dirigida al p\u00fablico no agrario? Estos otros temas fueron abordados &hellip; <a class=\"readmore\" href=\"https:\/\/caf.org.uy\/caf\/mas-de-40-comunicadores-organizacionales-del-sector-agropecuario\/\">Seguir leyendo &rarr;<\/a><\/p>\n","protected":false},"author":5,"featured_media":4149,"comment_status":"open","ping_status":"closed","sticky":false,"template":"","format":"standard","meta":{"csbAdvScrollBarCursor":"","footnotes":""},"categories":[20,2,42],"tags":[],"class_list":["post-4159","post","type-post","status-publish","format-standard","has-post-thumbnail","hentry","category-institucional-gremial","category-noticias","category-portada"],"_links":{"self":[{"href":"https:\/\/caf.org.uy\/caf\/wp-json\/wp\/v2\/posts\/4159","targetHints":{"allow":["GET"]}}],"collection":[{"href":"https:\/\/caf.org.uy\/caf\/wp-json\/wp\/v2\/posts"}],"about":[{"href":"https:\/\/caf.org.uy\/caf\/wp-json\/wp\/v2\/types\/post"}],"author":[{"embeddable":true,"href":"https:\/\/caf.org.uy\/caf\/wp-json\/wp\/v2\/users\/5"}],"replies":[{"embeddable":true,"href":"https:\/\/caf.org.uy\/caf\/wp-json\/wp\/v2\/comments?post=4159"}],"version-history":[{"count":5,"href":"https:\/\/caf.org.uy\/caf\/wp-json\/wp\/v2\/posts\/4159\/revisions"}],"predecessor-version":[{"id":4165,"href":"https:\/\/caf.org.uy\/caf\/wp-json\/wp\/v2\/posts\/4159\/revisions\/4165"}],"wp:featuredmedia":[{"embeddable":true,"href":"https:\/\/caf.org.uy\/caf\/wp-json\/wp\/v2\/media\/4149"}],"wp:attachment":[{"href":"https:\/\/caf.org.uy\/caf\/wp-json\/wp\/v2\/media?parent=4159"}],"wp:term":[{"taxonomy":"category","embeddable":true,"href":"https:\/\/caf.org.uy\/caf\/wp-json\/wp\/v2\/categories?post=4159"},{"taxonomy":"post_tag","embeddable":true,"href":"https:\/\/caf.org.uy\/caf\/wp-json\/wp\/v2\/tags?post=4159"}],"curies":[{"name":"wp","href":"https:\/\/api.w.org\/{rel}","templated":true}]}}