{"id":4101,"date":"2016-07-13T13:03:46","date_gmt":"2016-07-13T13:03:46","guid":{"rendered":"http:\/\/www.caf.org.uy\/site\/?p=4101"},"modified":"2016-07-13T13:03:46","modified_gmt":"2016-07-13T13:03:46","slug":"comienza-campana-nacional-de-control-de-garrapata","status":"publish","type":"post","link":"https:\/\/caf.org.uy\/caf\/comienza-campana-nacional-de-control-de-garrapata\/","title":{"rendered":"Comienza campa\u00f1a nacional de control de Garrapata"},"content":{"rendered":"<p>Con amplia participaci\u00f3n institucional, comienza campa\u00f1a nacional que promueve adecuado control de garrapata \u201cEl control de la garrapata y de residuos veterinarios son de primer\u00edsima importancia para Uruguay porque estamos presente en 130 mercados, muchos con alta exigencia sanitaria\u201d, dijo el director de Ganader\u00eda, Francisco Muzio. Al respecto se convoc\u00f3 a una reuni\u00f3n informativa con autoridades de esa cartera y la Comisi\u00f3n Nacional Honoraria de Salud Animal para tratar un problema que afecta la producci\u00f3n pecuaria.<br \/>\n\u201cEl tema central del encuentro (entre asociaciones de productores con las autoridades del sector) fue informar las acciones interinstitucionales que se llevar\u00e1n a cabo en la campa\u00f1a de lucha contra la garrapata, cuyo lanzamiento oficial se hace este mi\u00e9rcoles 13 en Tacuaremb\u00f3\u201d, indic\u00f3 Muzio en entrevista con la Secretaria de Comunicaci\u00f3n Institucional. En la reuni\u00f3n de este lunes en la sede de Direcci\u00f3n de Laboratorios Veterinarios, participaron adem\u00e1s de Muzio, el ministro de Ganader\u00eda, Agricultura y Pesca, Tabar\u00e9 Aguerre, y delegados de la Federaci\u00f3n Rural del Uruguay, la Asociaci\u00f3n Rural del Uruguay, la Comisi\u00f3n de Fomento Rural y la Sociedad de Medicina Veterinaria y Cooperativas Agrarias Federadas, quienes integran la Comisi\u00f3n Nacional Honoraria de Salud Animal. Muzio sintetiz\u00f3 que los objetivos de la iniciativa es que con un mismo enfoque se informen los instrumentos m\u00e1s importantes que deben tener en cuenta los veterinarios que desempe\u00f1an funciones en el medio rural, los productores, as\u00ed como los servicios oficiales, sobre c\u00f3mo se debe controlar el par\u00e1sito.<br \/>\n\u201cEs un llamado de atenci\u00f3n porque la tem\u00e1tica de la garrapata y residuos es de importancia en la producci\u00f3n ganadera\u201d, apunt\u00f3 el director general de los Servicios Ganaderos. Agreg\u00f3 que \u201cel tema es que por eventos clim\u00e1ticos tuvimos una poblaci\u00f3n de garrapata elevada en la zona tradicional, as\u00ed como en zonas que tradicionalmente no hab\u00eda lo que aumento la presencia del par\u00e1sito en la poblaci\u00f3n animal\u201d. \u201cEl mal uso de los garrapaticidas caus\u00f3 problemas de resistencia y trajo aparejado inconvenientes concretamente con el insecticida ethi\u00f3n, que fue detectado en Estados Unidos y deriv\u00f3 en la suspensi\u00f3n para el ingreso de algunos contenedores de carne a ese pa\u00eds por la demora en desaparecer de los tejidos\u201d, remarc\u00f3. \u201cNo es solo los da\u00f1os que produce la garrapata en s\u00ed o enfermedades asociadas como la \u2018tristeza parasitaria\u2019, sumado a p\u00e9rdida de kilogramos en el peso de animal y depreciaci\u00f3n de los cueros, sino que ahora tenemos sobre agregado el problema de la aparici\u00f3n de residuos en carne de determinadas pesticidas\u201d, apunt\u00f3. \u201cPor ello, el uso responsable de los productos veterinarios es muy importante en el corto, mediano y largo plazo en Uruguay, que es netamente exportador de alimentos, de forma que no tenga problemas sanitarios\u201d, asever\u00f3. Muzio detall\u00f3 que hay establecido un cronograma de reuniones y charlas ilustrativas en 25 puntos del territorio uruguayo, considerados de inter\u00e9s.<br \/>\n\u201cEstas reuniones son para que los productores puedan concientizarse e informarse sobre las dudas que se presenten en un problema que es del propio productor porque est\u00e1 presente en sus predios, y son ellos los que tienen que tomar las medidas Indic\u00f3, adem\u00e1s, que en Argentina y Brasil se conoce la resistencia a los seis principios activos imponibles para el combate a la garrapata. \u201cUna situaci\u00f3n esa que genera preocupaci\u00f3n porque unido a eso est\u00e1 el comportamiento del productor y por eso es importante la campa\u00f1a para capacitar y dar los mayores conocimientos a los actores\u201d, abund\u00f3.<\/p>\n","protected":false},"excerpt":{"rendered":"<p>Con amplia participaci\u00f3n institucional, comienza campa\u00f1a nacional que promueve adecuado control de garrapata \u201cEl control de la garrapata y de residuos veterinarios son de primer\u00edsima importancia para Uruguay porque estamos &hellip; <a class=\"readmore\" href=\"https:\/\/caf.org.uy\/caf\/comienza-campana-nacional-de-control-de-garrapata\/\">Seguir leyendo &rarr;<\/a><\/p>\n","protected":false},"author":1,"featured_media":4102,"comment_status":"open","ping_status":"closed","sticky":false,"template":"","format":"standard","meta":{"csbAdvScrollBarCursor":"","footnotes":""},"categories":[20,2,42],"tags":[],"class_list":["post-4101","post","type-post","status-publish","format-standard","has-post-thumbnail","hentry","category-institucional-gremial","category-noticias","category-portada"],"_links":{"self":[{"href":"https:\/\/caf.org.uy\/caf\/wp-json\/wp\/v2\/posts\/4101","targetHints":{"allow":["GET"]}}],"collection":[{"href":"https:\/\/caf.org.uy\/caf\/wp-json\/wp\/v2\/posts"}],"about":[{"href":"https:\/\/caf.org.uy\/caf\/wp-json\/wp\/v2\/types\/post"}],"author":[{"embeddable":true,"href":"https:\/\/caf.org.uy\/caf\/wp-json\/wp\/v2\/users\/1"}],"replies":[{"embeddable":true,"href":"https:\/\/caf.org.uy\/caf\/wp-json\/wp\/v2\/comments?post=4101"}],"version-history":[{"count":0,"href":"https:\/\/caf.org.uy\/caf\/wp-json\/wp\/v2\/posts\/4101\/revisions"}],"wp:featuredmedia":[{"embeddable":true,"href":"https:\/\/caf.org.uy\/caf\/wp-json\/wp\/v2\/media\/4102"}],"wp:attachment":[{"href":"https:\/\/caf.org.uy\/caf\/wp-json\/wp\/v2\/media?parent=4101"}],"wp:term":[{"taxonomy":"category","embeddable":true,"href":"https:\/\/caf.org.uy\/caf\/wp-json\/wp\/v2\/categories?post=4101"},{"taxonomy":"post_tag","embeddable":true,"href":"https:\/\/caf.org.uy\/caf\/wp-json\/wp\/v2\/tags?post=4101"}],"curies":[{"name":"wp","href":"https:\/\/api.w.org\/{rel}","templated":true}]}}