{"id":4097,"date":"2016-07-12T20:35:20","date_gmt":"2016-07-12T20:35:20","guid":{"rendered":"http:\/\/www.caf.org.uy\/site\/?p=4097"},"modified":"2016-07-12T20:35:20","modified_gmt":"2016-07-12T20:35:20","slug":"caf-recibio-a-director-de-la-unidad-de-asuntos-internacionales-del-mgap","status":"publish","type":"post","link":"https:\/\/caf.org.uy\/caf\/caf-recibio-a-director-de-la-unidad-de-asuntos-internacionales-del-mgap\/","title":{"rendered":"CAF recibi\u00f3 a Director de la Unidad de Asuntos Internacionales del MGAP"},"content":{"rendered":"<p>El Consejo Directivo de CAF recibi\u00f3 el d\u00eda de hoy al Cr. Mario Piacenza, Director de la Unidad de Asuntos Internacionales del Ministerio de Ganader\u00eda, Agricultura y Pesca para intercambiar sobre las acciones que lleva adelante en temas vinculados a la inserci\u00f3n comercial internacional.<br \/>\nPiacenza destac\u00f3 que el 75% de las exportaciones son de origen agropecuario, dentro de los cuales sigue siendo China el mercado m\u00e1s importante por eso se vuelve fundamental el trabajo que desarrolla esta unidad en nexo con Canciller\u00eda y las embajadas de todo el mundo, as\u00ed como tambi\u00e9n articular con el sector privado productivo.<\/p>\n","protected":false},"excerpt":{"rendered":"<p>El Consejo Directivo de CAF recibi\u00f3 el d\u00eda de hoy al Cr. Mario Piacenza, Director de la Unidad de Asuntos Internacionales del Ministerio de Ganader\u00eda, Agricultura y Pesca para intercambiar &hellip; <a class=\"readmore\" href=\"https:\/\/caf.org.uy\/caf\/caf-recibio-a-director-de-la-unidad-de-asuntos-internacionales-del-mgap\/\">Seguir leyendo &rarr;<\/a><\/p>\n","protected":false},"author":1,"featured_media":4098,"comment_status":"open","ping_status":"closed","sticky":false,"template":"","format":"standard","meta":{"csbAdvScrollBarCursor":"","footnotes":""},"categories":[20,2,42],"tags":[],"class_list":["post-4097","post","type-post","status-publish","format-standard","has-post-thumbnail","hentry","category-institucional-gremial","category-noticias","category-portada"],"_links":{"self":[{"href":"https:\/\/caf.org.uy\/caf\/wp-json\/wp\/v2\/posts\/4097","targetHints":{"allow":["GET"]}}],"collection":[{"href":"https:\/\/caf.org.uy\/caf\/wp-json\/wp\/v2\/posts"}],"about":[{"href":"https:\/\/caf.org.uy\/caf\/wp-json\/wp\/v2\/types\/post"}],"author":[{"embeddable":true,"href":"https:\/\/caf.org.uy\/caf\/wp-json\/wp\/v2\/users\/1"}],"replies":[{"embeddable":true,"href":"https:\/\/caf.org.uy\/caf\/wp-json\/wp\/v2\/comments?post=4097"}],"version-history":[{"count":0,"href":"https:\/\/caf.org.uy\/caf\/wp-json\/wp\/v2\/posts\/4097\/revisions"}],"wp:featuredmedia":[{"embeddable":true,"href":"https:\/\/caf.org.uy\/caf\/wp-json\/wp\/v2\/media\/4098"}],"wp:attachment":[{"href":"https:\/\/caf.org.uy\/caf\/wp-json\/wp\/v2\/media?parent=4097"}],"wp:term":[{"taxonomy":"category","embeddable":true,"href":"https:\/\/caf.org.uy\/caf\/wp-json\/wp\/v2\/categories?post=4097"},{"taxonomy":"post_tag","embeddable":true,"href":"https:\/\/caf.org.uy\/caf\/wp-json\/wp\/v2\/tags?post=4097"}],"curies":[{"name":"wp","href":"https:\/\/api.w.org\/{rel}","templated":true}]}}