{"id":4094,"date":"2016-07-12T20:33:53","date_gmt":"2016-07-12T20:33:53","guid":{"rendered":"https:\/\/caf.org.uy\/caf\/?p=4094"},"modified":"2016-07-13T13:08:52","modified_gmt":"2016-07-13T13:08:52","slug":"inia-presento-su-plan-estrategico-a-caf","status":"publish","type":"post","link":"https:\/\/caf.org.uy\/caf\/inia-presento-su-plan-estrategico-a-caf\/","title":{"rendered":"INIA present\u00f3 su Plan Estrat\u00e9gico a CAF"},"content":{"rendered":"<p>La Junta Directiva del INIA particip\u00f3 de la sesi\u00f3n de Consejo Directivo de CAF presentando su nuevo Plan Estrat\u00e9gico. El vicepresidente Jose Repetto y director nacional Fabio Montossi, acompa\u00f1ados por una nutrida delegaci\u00f3n de gerentes de INIA, destacaron de su Plan Estrat\u00e9gico la necesidad de hacer m\u00e1s transversal el desarrollo de la investigaci\u00f3n para nutrir los diferentes programas del Instituto, haciendo m\u00e1s eficiente el trabajo de todos.<\/p>\n<p>Por otra parte, los esfuerzos estar\u00e1n orientados a agregar valor a los procesos, especial cuidado por los temas de calidad e inocuidad de productos, reforzar \u00e1reas estrat\u00e9gicas como salud animal, gen\u00e9tica, campo natural y alianzas para ejecutar la agenda de investigaci\u00f3n.<\/p>\n<p>&nbsp;<\/p>\n","protected":false},"excerpt":{"rendered":"<p>La Junta Directiva del INIA particip\u00f3 de la sesi\u00f3n de Consejo Directivo de CAF presentando su nuevo Plan Estrat\u00e9gico. El vicepresidente Jose Repetto y director nacional Fabio Montossi, acompa\u00f1ados por &hellip; <a class=\"readmore\" href=\"https:\/\/caf.org.uy\/caf\/inia-presento-su-plan-estrategico-a-caf\/\">Seguir leyendo &rarr;<\/a><\/p>\n","protected":false},"author":5,"featured_media":4095,"comment_status":"open","ping_status":"closed","sticky":false,"template":"","format":"standard","meta":{"csbAdvScrollBarCursor":"","footnotes":""},"categories":[20,2,42],"tags":[],"class_list":["post-4094","post","type-post","status-publish","format-standard","has-post-thumbnail","hentry","category-institucional-gremial","category-noticias","category-portada"],"_links":{"self":[{"href":"https:\/\/caf.org.uy\/caf\/wp-json\/wp\/v2\/posts\/4094","targetHints":{"allow":["GET"]}}],"collection":[{"href":"https:\/\/caf.org.uy\/caf\/wp-json\/wp\/v2\/posts"}],"about":[{"href":"https:\/\/caf.org.uy\/caf\/wp-json\/wp\/v2\/types\/post"}],"author":[{"embeddable":true,"href":"https:\/\/caf.org.uy\/caf\/wp-json\/wp\/v2\/users\/5"}],"replies":[{"embeddable":true,"href":"https:\/\/caf.org.uy\/caf\/wp-json\/wp\/v2\/comments?post=4094"}],"version-history":[{"count":2,"href":"https:\/\/caf.org.uy\/caf\/wp-json\/wp\/v2\/posts\/4094\/revisions"}],"predecessor-version":[{"id":4104,"href":"https:\/\/caf.org.uy\/caf\/wp-json\/wp\/v2\/posts\/4094\/revisions\/4104"}],"wp:featuredmedia":[{"embeddable":true,"href":"https:\/\/caf.org.uy\/caf\/wp-json\/wp\/v2\/media\/4095"}],"wp:attachment":[{"href":"https:\/\/caf.org.uy\/caf\/wp-json\/wp\/v2\/media?parent=4094"}],"wp:term":[{"taxonomy":"category","embeddable":true,"href":"https:\/\/caf.org.uy\/caf\/wp-json\/wp\/v2\/categories?post=4094"},{"taxonomy":"post_tag","embeddable":true,"href":"https:\/\/caf.org.uy\/caf\/wp-json\/wp\/v2\/tags?post=4094"}],"curies":[{"name":"wp","href":"https:\/\/api.w.org\/{rel}","templated":true}]}}