{"id":4088,"date":"2016-06-03T19:02:59","date_gmt":"2016-06-03T19:02:59","guid":{"rendered":"https:\/\/caf.org.uy\/caf\/?p=4088"},"modified":"2016-07-12T19:08:52","modified_gmt":"2016-07-12T19:08:52","slug":"y-se-nos-fue-jorge","status":"publish","type":"post","link":"https:\/\/caf.org.uy\/caf\/y-se-nos-fue-jorge\/","title":{"rendered":"Y se nos fue Jorge&#8230;"},"content":{"rendered":"<p>El pasado 3 de junio falleci\u00f3 Jorge Artagaveytia Pi\u00f1eyro, primer presidente de Central Lanera Uruguaya y primer presidente de CAF. Fue adem\u00e1s<br \/>\nuno de los fundadores de la cooperativa El Fog\u00f3n de Sarand\u00ed del Y\u00ed, de la cual era su socio n\u00famero 1. Tambi\u00e9n fue<br \/>\ndirectivo de CALDOCE en Sarand\u00ed Grande y fundador y primer presidente de CAF. Jorge fue una de esas personas que<br \/>\nson necesarias en las organizaciones para aportar visi\u00f3n, liderazgo y sobre todo valores.<br \/>\nComo primer presidente de Central Lanera tuvo un rol trascendental en los primeros a\u00f1os, claves para la<br \/>\nconsolidaci\u00f3n y crecimiento de la Central. En momentos dif\u00edciles la actuaci\u00f3n de Jorge fue muy importante en la<br \/>\nresoluci\u00f3n de problemas y conflictos, que pon\u00edan en riesgo a la naciente Central Lanera en sus primeros a\u00f1os.<br \/>\nEn julio de 1970 el Poder Ejecutivo cre\u00f3 la Comisi\u00f3n Nacional para el Estudio de la Producci\u00f3n Lanera, siendo Jorge<br \/>\nArtagaveytia uno de los delegados por las cooperativas laneras. Y en mayo de 1972 Jorge Artagaveytia hace la<br \/>\nprimera presentaci\u00f3n p\u00fablica a nivel nacional de Central Lanera en el Congreso de la Federaci\u00f3n Rural en Salto, con<br \/>\nrepercusiones de gran impacto.<br \/>\nComo directivo de Central Lanera siempre breg\u00f3 por constituir una gremial que reuniera a todas las cooperativas<br \/>\nagrarias y las representara, en la defensa de sus leg\u00edtimos derechos. Se convirti\u00f3 as\u00ed en una de las figuras clave en la<br \/>\nfundaci\u00f3n de las Cooperativas Agrarias Federadas, siendo su primer presidente. Representando a Central Lanera y<br \/>\nlas cooperativas laneras fue directivo adem\u00e1s del SUL y de FUNDASOL.<br \/>\nSu forma de ser, de escuchar, de persistir en las ideas que estaba convencido, su humildad y sencillez, hicieron de<br \/>\nJorge un l\u00edder que impregn\u00f3 muchas organizaciones, personas y acciones dentro del cooperativismo agrario. Su vasta<br \/>\ntrayectoria lo llev\u00f3 a integrar la Comisi\u00f3n Honoraria del Cooperativismo, en la \u00f3rbita de OPP. Fue tambi\u00e9n<br \/>\nvicepresidente y luego presidente honorario de CUDECOOP, directivo de MEVIR, y muchos etc\u00e9teras m\u00e1s.<br \/>\nCuando cumpli\u00f3 80 a\u00f1os en Central Lanera le regalamos a Jorge un cuadro con el conocido poema de Bertolt Brecht:<br \/>\n\u201cHay hombres que luchan un d\u00eda y son buenos. Hay otros que luchan un a\u00f1o y son mejores. Hay quienes luchan<br \/>\nmuchos a\u00f1os, y son muy buenos. Pero hay los que luchan toda la vida, esos son los imprescindibles\u201d.<br \/>\nNunca m\u00e1s acertado y merecido un texto. Salud Jorge!!<br \/>\nDS;fr<br \/>\nJorge Artagaveytia\u2026Un I<\/p>\n","protected":false},"excerpt":{"rendered":"<p>El pasado 3 de junio falleci\u00f3 Jorge Artagaveytia Pi\u00f1eyro, primer presidente de Central Lanera Uruguaya y primer presidente de CAF. Fue adem\u00e1s uno de los fundadores de la cooperativa El &hellip; <a class=\"readmore\" href=\"https:\/\/caf.org.uy\/caf\/y-se-nos-fue-jorge\/\">Seguir leyendo &rarr;<\/a><\/p>\n","protected":false},"author":5,"featured_media":4089,"comment_status":"open","ping_status":"closed","sticky":false,"template":"","format":"standard","meta":{"csbAdvScrollBarCursor":"","footnotes":""},"categories":[20,2,42],"tags":[],"class_list":["post-4088","post","type-post","status-publish","format-standard","has-post-thumbnail","hentry","category-institucional-gremial","category-noticias","category-portada"],"_links":{"self":[{"href":"https:\/\/caf.org.uy\/caf\/wp-json\/wp\/v2\/posts\/4088","targetHints":{"allow":["GET"]}}],"collection":[{"href":"https:\/\/caf.org.uy\/caf\/wp-json\/wp\/v2\/posts"}],"about":[{"href":"https:\/\/caf.org.uy\/caf\/wp-json\/wp\/v2\/types\/post"}],"author":[{"embeddable":true,"href":"https:\/\/caf.org.uy\/caf\/wp-json\/wp\/v2\/users\/5"}],"replies":[{"embeddable":true,"href":"https:\/\/caf.org.uy\/caf\/wp-json\/wp\/v2\/comments?post=4088"}],"version-history":[{"count":1,"href":"https:\/\/caf.org.uy\/caf\/wp-json\/wp\/v2\/posts\/4088\/revisions"}],"predecessor-version":[{"id":4090,"href":"https:\/\/caf.org.uy\/caf\/wp-json\/wp\/v2\/posts\/4088\/revisions\/4090"}],"wp:featuredmedia":[{"embeddable":true,"href":"https:\/\/caf.org.uy\/caf\/wp-json\/wp\/v2\/media\/4089"}],"wp:attachment":[{"href":"https:\/\/caf.org.uy\/caf\/wp-json\/wp\/v2\/media?parent=4088"}],"wp:term":[{"taxonomy":"category","embeddable":true,"href":"https:\/\/caf.org.uy\/caf\/wp-json\/wp\/v2\/categories?post=4088"},{"taxonomy":"post_tag","embeddable":true,"href":"https:\/\/caf.org.uy\/caf\/wp-json\/wp\/v2\/tags?post=4088"}],"curies":[{"name":"wp","href":"https:\/\/api.w.org\/{rel}","templated":true}]}}