{"id":4059,"date":"2016-07-07T18:13:39","date_gmt":"2016-07-07T18:13:39","guid":{"rendered":"http:\/\/www.caf.org.uy\/site\/?p=4059"},"modified":"2016-07-07T18:13:39","modified_gmt":"2016-07-07T18:13:39","slug":"caf-dialogo-con-comision-de-hacienda-del-senado","status":"publish","type":"post","link":"https:\/\/caf.org.uy\/caf\/caf-dialogo-con-comision-de-hacienda-del-senado\/","title":{"rendered":"CAF dialog\u00f3 con la Comisi\u00f3n de Hacienda del Senado"},"content":{"rendered":"<p>Est\u00e1 en discusi\u00f3n el proyecto de Ley sobre el Sistema Nacional de Transformaci\u00f3n Productiva y Competitividad. Sobre este tema estuvieron d\u00edas atr\u00e1s\u00a0\u00a0planteando su opini\u00f3n y aportes a la Comisi\u00f3n de Hacienda de Senadores que estudia el proyecto de ley, una delegaci\u00f3n de CAF integrada por los directivos Enrique Malcuori, Juan Carlos Canessa y el gerente Luis Frachia. Tambi\u00e9n estaban presentes delegados de CNFR y ARU.<br \/>\nLuis Frachia destac\u00f3 luego de la reuni\u00f3n que \u201ccoincidimos en los objetivos mediante la articulaci\u00f3n y eficiencia en el uso de los recursos p\u00fablicos, espec\u00edficamente vinculados al sistema productivo en pos de darle m\u00e1s competitividad a las empresas\u201d. Sin embargo, la delegaci\u00f3n de CAF hizo saber a los Senadores que \u201cla interrogante que tenemos es que \u00e9sta no sea una herramienta que genere m\u00e1s burocracia y esperamos realmente cumpla estos objetivos, visto como proceso en el cual hay que fijar antes indicadores claros de medici\u00f3n de desempe\u00f1o para visualizar el logro de los resultados esperados\u201d, dijo Luis Frachia, gerente de CAF.<br \/>\nAdem\u00e1s agreg\u00f3 \u201cno vemos claro el rol del sector privado especialmente cooperativo en este sistema y as\u00ed lo manifestamos, vemos una clara oportunidad de ejercer la gobernanza en este tipo de herramienta en la que tenemos que estar\u201d.<\/p>\n","protected":false},"excerpt":{"rendered":"<p>Est\u00e1 en discusi\u00f3n el proyecto de Ley sobre el Sistema Nacional de Transformaci\u00f3n Productiva y Competitividad. Sobre este tema estuvieron d\u00edas atr\u00e1s\u00a0\u00a0planteando su opini\u00f3n y aportes a la Comisi\u00f3n de &hellip; <a class=\"readmore\" href=\"https:\/\/caf.org.uy\/caf\/caf-dialogo-con-comision-de-hacienda-del-senado\/\">Seguir leyendo &rarr;<\/a><\/p>\n","protected":false},"author":1,"featured_media":0,"comment_status":"open","ping_status":"closed","sticky":false,"template":"","format":"standard","meta":{"csbAdvScrollBarCursor":"","footnotes":""},"categories":[20,2,42],"tags":[],"class_list":["post-4059","post","type-post","status-publish","format-standard","hentry","category-institucional-gremial","category-noticias","category-portada"],"_links":{"self":[{"href":"https:\/\/caf.org.uy\/caf\/wp-json\/wp\/v2\/posts\/4059","targetHints":{"allow":["GET"]}}],"collection":[{"href":"https:\/\/caf.org.uy\/caf\/wp-json\/wp\/v2\/posts"}],"about":[{"href":"https:\/\/caf.org.uy\/caf\/wp-json\/wp\/v2\/types\/post"}],"author":[{"embeddable":true,"href":"https:\/\/caf.org.uy\/caf\/wp-json\/wp\/v2\/users\/1"}],"replies":[{"embeddable":true,"href":"https:\/\/caf.org.uy\/caf\/wp-json\/wp\/v2\/comments?post=4059"}],"version-history":[{"count":0,"href":"https:\/\/caf.org.uy\/caf\/wp-json\/wp\/v2\/posts\/4059\/revisions"}],"wp:attachment":[{"href":"https:\/\/caf.org.uy\/caf\/wp-json\/wp\/v2\/media?parent=4059"}],"wp:term":[{"taxonomy":"category","embeddable":true,"href":"https:\/\/caf.org.uy\/caf\/wp-json\/wp\/v2\/categories?post=4059"},{"taxonomy":"post_tag","embeddable":true,"href":"https:\/\/caf.org.uy\/caf\/wp-json\/wp\/v2\/tags?post=4059"}],"curies":[{"name":"wp","href":"https:\/\/api.w.org\/{rel}","templated":true}]}}