{"id":4031,"date":"2016-07-06T15:18:27","date_gmt":"2016-07-06T15:18:27","guid":{"rendered":"https:\/\/caf.org.uy\/caf\/?p=4031"},"modified":"2016-07-09T17:35:36","modified_gmt":"2016-07-09T17:35:36","slug":"semianrio-taller-campo-ciudad-mundos-paralelos","status":"publish","type":"post","link":"https:\/\/caf.org.uy\/caf\/semianrio-taller-campo-ciudad-mundos-paralelos\/","title":{"rendered":"Semianrio-Taller \u00abCampo Ciudad \u00bfmundos paralelos?"},"content":{"rendered":"<h5>Conferencistas destacados y un panel de casos pr\u00e1cticos estar\u00e1n siendo protagonistas del Seminario Taller Campo Ciudad \u00bfmundos paralelos?. CAF con apoyo del Ministerio de Ganader\u00eda, Agricultura y Pesca se encuentra organizando esta activiad con el fin de mejorar el di\u00e1logo campo-ciudad, alineando a los comunicadores de la institucionalidad agropecuaria en el entendido que todos contribuimos a instalar la imagen (buena o mala) que se tenga del sector agropecuario especialmente en la poblaci\u00f3n urbana.<\/h5>\n<h5>La actividad tendr\u00e1 lugar el 28 de julio y contar\u00e1 con la participaci\u00f3n de comunicadores de las cooperativas agrarias socias y de la institucionalidad p\u00fablico-privada del sector agropecuario. El Seminario inicia con dos conferencias destacadas a cargo del polit\u00f3logo Agust\u00edn Canzani, experto en desarrollo de estrategias de imagen p\u00fablica; Rosanna Dellazoppa, agr\u00f3noma y comunicadora en los medios de comunicaci\u00f3n quien aportar\u00e1 una mirada a la idiosincrasia uruguaya y la historia del v\u00ednculo campo-ciudad. Luego un Panel de Casos integrado por Larissa Perdomo Gerente de Marca Pa\u00eds de Uruguay XXI quien compartir\u00e1 la experiencia de haber desarrollado la marca pa\u00eds, sus desaf\u00edos y etapas a modo de ejemplo para el sector, tambi\u00e9n contaremos con Roc\u00edo Villaro, Gerente de Marketing de CONAPROLE, quien presentar\u00e1 la campa\u00f1a con productores socios exponiendo la estrategia de comunicaci\u00f3n llevada adelante por la cooperativa en la que llevan a la ciudad al productor tambero; y finalmente el Panel contar\u00e1 con Juan Andres Elhordoy, Director de Comunicaciones del MGAP quien presentar\u00e1 la estrategia del ministerio para crear \u00abm\u00e1s conciencia agropecuaria\u00bb.<\/h5>\n<h5>FInalmente, la actividad terminar\u00e1 con un Taller donde los participantes intercambiar\u00e1n y debatir\u00e1n sobre el rol de las instituciones p\u00fablicos y privadas del sector agropecuario para pensar una estrategia de largo plazo que posicione de otra manera al sector ante la opini\u00f3n p\u00fablica.<\/h5>\n<h5>Antecedentes<\/h5>\n<h5>Uruguay es un pa\u00eds exportador de bienes agr\u00edcolas, alimentos y materias primas procesadas a partir de sus recursos naturales. Casi el 80% de sus exportaciones de bienes son productos de origen agropecuario con mayor o menor valor agregado. Uruguay con sus exportaciones est\u00e1 alimentando en el mundo a 28 millones de personas.<\/h5>\n<h5>Si bien actualmente los problemas de competitividad hacen que estemos viviendo un per\u00edodo de enlentecimiento de la econom\u00eda, la demanda por alimentos en el mundo seguir\u00e1 creciendo, poniendo a Uruguay y a las cooperativas en un lugar de privilegio para satisfacer esa creciente demanda mundial.<\/h5>\n<h5>CAF celebr\u00f3 sus 30 a\u00f1os de vida recientemente, en un contexto dif\u00edcil, en un mundo globalizado, cambiante e impredecible. La demanda por alimento es de las pocas cosas predecibles que hoy tenemos en el mundo. As\u00ed que el <strong>rol \u00a0en el agronegocio, la importancia de las cooperativas agropecuarias dentro de \u00e9l y la necesidad de que sean cooperativas consolidadas, profesionales y eficientes para poder competir y escalar en las diferentes Cadentas Globales de Valor Agropecuario y Agroindustrial\u00a0 que hay en el mundo son los pilares de la Visi\u00f3n que CAF tiene.<\/strong><\/h5>\n<h5>Esta participaci\u00f3n en las cadenas de valor hace que el conjunto de las actividades agropecuarias con otras actividades vinculadas a las cadenas de valor lleva a que el <strong>desempe\u00f1o agropecuario potencie el desarrollo de la econom\u00eda con mayores efectos de multiplicaci\u00f3n<\/strong>. Sin embargo, <u>la percepci\u00f3n de la opini\u00f3n p\u00fablica, especialmente urbana, parece no reconocerlo<\/u>. El peso que tiene el sector agropecuario en la vida del pa\u00eds no se corresponde con el conocimiento y valoraci\u00f3n de los ciudadanos especialmente urbano.<\/h5>\n<h5>En este marco, desde siempre CAF ha contado con una estrategia de comunicaci\u00f3n que entre otros, tiene por objetivo <strong>posicionar a las cooperativas agrarias en el agronegocio uruguayo<\/strong> as\u00ed como agente de cambio a trav\u00e9s del ejercicio de la gobernanza, para contribuir a la construcci\u00f3n de pol\u00edticas p\u00fablicas que incluyan los intereses del sector.<\/h5>\n<h5>Este objetivo impuls\u00f3 a organizar un Seminario &#8211; Workshop para comunicadores del sector agropecuario uruguayo que comience a trabajar en conjunto por construir una imagen renovada del sector, y en particular para trabajar la imagen de las cooperativas agrarias y su rol en el sector. Pensamos que este esfuerzo no puede ser aislado ni exclusivo de las cooperativas, y por eso deseamos involucrar en esta iniciativa a los actores de la institucionalidad p\u00fablico y privada del pa\u00eds, para juntos discutir la problem\u00e1tica y pensar estrategias para levantar las barreras y as\u00ed mejorar el di\u00e1logo campo-ciudad.<\/h5>\n<h5><span style=\"color: #808000;\"><strong>P\u00daBLICO OBJETIVO<\/strong><\/span><\/h5>\n<h5><strong>\u00a0<\/strong>Comunicadores y referentes de la comunicaci\u00f3n de las cooperativas socias de CAF. Comunicadores de la institucionalidad p\u00fablico y privada del sector agropecuario, academia y otros actores relevantes. Requiere inscripci\u00f3n previa (actividad sin costo).<\/h5>\n<h5><span style=\"color: #808000;\"><strong>OBJETIVOS<\/strong><\/span><\/h5>\n<h5><strong>\u00a0<\/strong><strong>General: generar un espacio de formaci\u00f3n e intercambio sobre los desaf\u00edos de construir la imagen p\u00fablica del sector agropecuario y el rol de las instituciones para mejorar el di\u00e1logo con la ciudad.<\/strong><\/h5>\n<p>&nbsp;<\/p>\n<p><img fetchpriority=\"high\" decoding=\"async\" class=\"alignnone\" src=\"https:\/\/caf.org.uy\/caf\/imagenes\/2016\/seminario.jpg\" width=\"750\" height=\"1011\" \/><\/p>\n<p><img decoding=\"async\" class=\"alignnone\" src=\"https:\/\/caf.org.uy\/caf\/imagenes\/2016\/fecha seminario.jpg\" width=\"750\" height=\"475\" \/><\/p>\n<p><a href=\"https:\/\/caf.org.uy\/caf\/documentos\/2016\/Programa%20Taller%20Campo%20Ciudad%20CAF2016.pdf\" target=\"_blank\"><img decoding=\"async\" class=\"alignnone\" src=\"https:\/\/caf.org.uy\/caf\/imagenes\/2016\/programa.jpg\" width=\"750\" height=\"159\" \/><\/a><\/p>\n<p><a href=\"https:\/\/docs.google.com\/forms\/d\/1PAOyJmLWDBoLq7VAmu5Dsv7erO3S1_A1RJu7hUxyvGc\/viewform\" target=\"_blank\"><img loading=\"lazy\" decoding=\"async\" class=\"alignnone\" src=\"https:\/\/caf.org.uy\/caf\/imagenes\/2016\/inscripcion.jpg\" width=\"750\" height=\"159\" \/><\/a><\/p>\n<p>Contacto: comunicacion@caf.org.uy<\/p>\n","protected":false},"excerpt":{"rendered":"<p>Conferencistas destacados y un panel de casos pr\u00e1cticos estar\u00e1n siendo protagonistas del Seminario Taller Campo Ciudad \u00bfmundos paralelos?. CAF con apoyo del Ministerio de Ganader\u00eda, Agricultura y Pesca se encuentra &hellip; <a class=\"readmore\" href=\"https:\/\/caf.org.uy\/caf\/semianrio-taller-campo-ciudad-mundos-paralelos\/\">Seguir leyendo &rarr;<\/a><\/p>\n","protected":false},"author":1,"featured_media":4050,"comment_status":"open","ping_status":"closed","sticky":false,"template":"","format":"standard","meta":{"csbAdvScrollBarCursor":"","footnotes":""},"categories":[20,2,42],"tags":[],"class_list":["post-4031","post","type-post","status-publish","format-standard","has-post-thumbnail","hentry","category-institucional-gremial","category-noticias","category-portada"],"_links":{"self":[{"href":"https:\/\/caf.org.uy\/caf\/wp-json\/wp\/v2\/posts\/4031","targetHints":{"allow":["GET"]}}],"collection":[{"href":"https:\/\/caf.org.uy\/caf\/wp-json\/wp\/v2\/posts"}],"about":[{"href":"https:\/\/caf.org.uy\/caf\/wp-json\/wp\/v2\/types\/post"}],"author":[{"embeddable":true,"href":"https:\/\/caf.org.uy\/caf\/wp-json\/wp\/v2\/users\/1"}],"replies":[{"embeddable":true,"href":"https:\/\/caf.org.uy\/caf\/wp-json\/wp\/v2\/comments?post=4031"}],"version-history":[{"count":8,"href":"https:\/\/caf.org.uy\/caf\/wp-json\/wp\/v2\/posts\/4031\/revisions"}],"predecessor-version":[{"id":4043,"href":"https:\/\/caf.org.uy\/caf\/wp-json\/wp\/v2\/posts\/4031\/revisions\/4043"}],"wp:featuredmedia":[{"embeddable":true,"href":"https:\/\/caf.org.uy\/caf\/wp-json\/wp\/v2\/media\/4050"}],"wp:attachment":[{"href":"https:\/\/caf.org.uy\/caf\/wp-json\/wp\/v2\/media?parent=4031"}],"wp:term":[{"taxonomy":"category","embeddable":true,"href":"https:\/\/caf.org.uy\/caf\/wp-json\/wp\/v2\/categories?post=4031"},{"taxonomy":"post_tag","embeddable":true,"href":"https:\/\/caf.org.uy\/caf\/wp-json\/wp\/v2\/tags?post=4031"}],"curies":[{"name":"wp","href":"https:\/\/api.w.org\/{rel}","templated":true}]}}