{"id":3990,"date":"2016-06-29T20:12:53","date_gmt":"2016-06-29T20:12:53","guid":{"rendered":"http:\/\/www.caf.org.uy\/site\/?p=3990"},"modified":"2016-06-29T20:12:53","modified_gmt":"2016-06-29T20:12:53","slug":"2-de-julio-dia-internacional-de-las-cooperativas","status":"publish","type":"post","link":"https:\/\/caf.org.uy\/caf\/2-de-julio-dia-internacional-de-las-cooperativas\/","title":{"rendered":"2 de julio D\u00eda Internacional de las Cooperativas"},"content":{"rendered":"<p>\u00bfPor qu\u00e9 celebrar este d\u00eda? Para recordar y volver a vivir algunos de los motivos y razones de ser de las cooperativas. Las cooperativas agrarias son fundamentales para insertar en forma competitiva a los productores rurales en las Cadenas Globales de Valor. Saludamos a todas nuestras cooperativas socias en este d\u00eda!<br \/>\n<img fetchpriority=\"high\" decoding=\"async\" class=\"aligncenter size-large wp-image-3991\" src=\"http:\/\/www.caf.org.uy\/site\/wp-content\/uploads\/2016\/06\/portada-dic2016-650x185.jpg\" alt=\"portada dic2016\" width=\"650\" height=\"185\" srcset=\"https:\/\/caf.org.uy\/caf\/wp-content\/uploads\/2016\/06\/portada-dic2016-650x185.jpg 650w, https:\/\/caf.org.uy\/caf\/wp-content\/uploads\/2016\/06\/portada-dic2016-420x120.jpg 420w, https:\/\/caf.org.uy\/caf\/wp-content\/uploads\/2016\/06\/portada-dic2016-768x219.jpg 768w, https:\/\/caf.org.uy\/caf\/wp-content\/uploads\/2016\/06\/portada-dic2016.jpg 827w\" sizes=\"(max-width: 650px) 100vw, 650px\" \/><br \/>\nAdem\u00e1s, compartimos las actividades previstas por CUDECOOP e INACOOP para celebrar este d\u00eda:<br \/>\nCUDECOOP les invita a participar junto al INACOOP de la celebraci\u00f3n del D\u00eda Internacional del Cooperativismo.<br \/>\nEste a\u00f1o les invitamos a participar de dos instancias separadas entre el viernes 1\u00b0 de julio y el s\u00e1bado 2.<br \/>\nLa primera, el pr\u00f3ximo<strong>\u00a0<\/strong><strong>viernes 1 de julio a la hora 11,<\/strong>\u00a0donde realizaremos una actividad protocolar en la Sala de Conferencias del INACOOP. Tambi\u00e9n aprovecharemos la ocasi\u00f3n para realizar la Firma del Convenio INEFOP-INACOOP que se propone reforzar la formaci\u00f3n y capacitaci\u00f3n de los\/las cooperativistas. En dicha celebraci\u00f3n contaremos tambi\u00e9n con la presencia del ministro de Trabajo y Seguridad Social, Sr. Ernesto Murro, adem\u00e1s de las autoridades de la Confedereaci\u00f3n, del INACOOP e INEFOP. Para esta ocasi\u00f3n contaremos con un brindis.<br \/>\nPor otro lado, el d\u00eda s\u00e1bado<strong>\u00a0<\/strong><strong>2 de julio los esperamos en el Mercado Agr\u00edcola de Montevideo a las 12.30 hs<\/strong><strong>\u00a0<\/strong>(adentro) ya que estaremos celebrando con m\u00fasica, color y sorpresas. Esta ser\u00e1 una actividad familiar de no m\u00e1s de una hora, y es fundamental contar con su presencia.<br \/>\nViernes &#8211; Sala de Conferencias del Instituto Nacional del Cooperativismo, San Jos\u00e9 1418 &#8211; Montevideo<br \/>\nS\u00e1bado &#8211; Mercado Agr\u00edcola de Montevideo, Jos\u00e9 L. Terra 2220 &#8211; Montevideo<\/p>\n","protected":false},"excerpt":{"rendered":"<p>\u00bfPor qu\u00e9 celebrar este d\u00eda? Para recordar y volver a vivir algunos de los motivos y razones de ser de las cooperativas. Las cooperativas agrarias son fundamentales para insertar en &hellip; <a class=\"readmore\" href=\"https:\/\/caf.org.uy\/caf\/2-de-julio-dia-internacional-de-las-cooperativas\/\">Seguir leyendo &rarr;<\/a><\/p>\n","protected":false},"author":1,"featured_media":3991,"comment_status":"open","ping_status":"closed","sticky":false,"template":"","format":"standard","meta":{"csbAdvScrollBarCursor":"","footnotes":""},"categories":[22,2,42],"tags":[],"class_list":["post-3990","post","type-post","status-publish","format-standard","has-post-thumbnail","hentry","category-cooperativismo","category-noticias","category-portada"],"_links":{"self":[{"href":"https:\/\/caf.org.uy\/caf\/wp-json\/wp\/v2\/posts\/3990","targetHints":{"allow":["GET"]}}],"collection":[{"href":"https:\/\/caf.org.uy\/caf\/wp-json\/wp\/v2\/posts"}],"about":[{"href":"https:\/\/caf.org.uy\/caf\/wp-json\/wp\/v2\/types\/post"}],"author":[{"embeddable":true,"href":"https:\/\/caf.org.uy\/caf\/wp-json\/wp\/v2\/users\/1"}],"replies":[{"embeddable":true,"href":"https:\/\/caf.org.uy\/caf\/wp-json\/wp\/v2\/comments?post=3990"}],"version-history":[{"count":0,"href":"https:\/\/caf.org.uy\/caf\/wp-json\/wp\/v2\/posts\/3990\/revisions"}],"wp:featuredmedia":[{"embeddable":true,"href":"https:\/\/caf.org.uy\/caf\/wp-json\/wp\/v2\/media\/3991"}],"wp:attachment":[{"href":"https:\/\/caf.org.uy\/caf\/wp-json\/wp\/v2\/media?parent=3990"}],"wp:term":[{"taxonomy":"category","embeddable":true,"href":"https:\/\/caf.org.uy\/caf\/wp-json\/wp\/v2\/categories?post=3990"},{"taxonomy":"post_tag","embeddable":true,"href":"https:\/\/caf.org.uy\/caf\/wp-json\/wp\/v2\/tags?post=3990"}],"curies":[{"name":"wp","href":"https:\/\/api.w.org\/{rel}","templated":true}]}}