{"id":3986,"date":"2016-06-29T18:43:51","date_gmt":"2016-06-29T18:43:51","guid":{"rendered":"https:\/\/caf.org.uy\/caf\/?p=3986"},"modified":"2016-06-29T18:47:44","modified_gmt":"2016-06-29T18:47:44","slug":"llamado-a-jovenes-para-participar-en-congreso-en-misiones","status":"publish","type":"post","link":"https:\/\/caf.org.uy\/caf\/llamado-a-jovenes-para-participar-en-congreso-en-misiones\/","title":{"rendered":"Llamado a J\u00f3venes para participar en Congreso en Misiones"},"content":{"rendered":"<p><strong>Por cuarto a\u00f1o consecutivo, CAF recibi\u00f3 la invitaci\u00f3n de la Federaci\u00f3n de J\u00f3venes de la FedeCoop Argentina para participar del VI Encuentro de Juventudes Cooperativistas \u201cComunicaci\u00f3n, Motivaci\u00f3n y Comercializaci\u00f3n\u201d, a realizarse los d\u00edas s\u00e1bado 20 y domingo 21\u00a0 de Agosto del corriente a\u00f1o en las instalaciones de Para\u00edso Lodge en la localidad de Jard\u00edn Am\u00e9rica, provincia de Misiones.<\/strong><\/p>\n<p>La Federaci\u00f3n de J\u00f3venes de la FedeCoop surge para afianzar el sector juvenil e interesarlo en la participaci\u00f3n de las distintas empresas cooperativas, realizando una tarea formativa integral y act\u00faa como auxiliares en sus respectivas entidades. En los encuentros de a\u00f1os anteriores han participado\u00a0 j\u00f3venes uruguayos de las cooperativas COPAGRAN, SFR Colonia Suiza y CALIMA quienes valoraron la experiencia como muy enriquecedora.<\/p>\n<p>Una vez m\u00e1s CAF contar\u00e1 con una invitaci\u00f3n sin cargo para 2 (dos) j\u00f3venes mayores de 18 a\u00f1os, que incluye el costo de inscripci\u00f3n, alojamiento y comidas, quedando a cargo de cada participante el traslado desde su ciudad de origen al lugar del Encuentro en Argentina.<\/p>\n<p>Creemos que es una invalorable oportunidad para los j\u00f3venes vinculados a entidades asociadas a CAF, por lo que se agradece la m\u00e1s amplia difusi\u00f3n.<\/p>\n<p>Por este motivo, quienes deseen participar podr\u00e1n postularse completando la siguiente\u00a0<a href=\"https:\/\/caf.org.uy\/caf\/wp-content\/uploads\/2016\/06\/Ficha-de-Postulaci\u00f3n-Congreso-FedeCoop.doc\">Ficha de Postulaci\u00f3n &#8211; Congreso FedeCoop<\/a> y enviarlo antes del <strong>lunes 11 de julio a <a href=\"mailto:secretaria@caf.org.uy\">secretaria@caf.org.uy<\/a> que ser\u00e1 considerado por un Comit\u00e9 de Evaluaci\u00f3n.<\/strong><\/p>\n","protected":false},"excerpt":{"rendered":"<p>Por cuarto a\u00f1o consecutivo, CAF recibi\u00f3 la invitaci\u00f3n de la Federaci\u00f3n de J\u00f3venes de la FedeCoop Argentina para participar del VI Encuentro de Juventudes Cooperativistas \u201cComunicaci\u00f3n, Motivaci\u00f3n y Comercializaci\u00f3n\u201d, a &hellip; <a class=\"readmore\" href=\"https:\/\/caf.org.uy\/caf\/llamado-a-jovenes-para-participar-en-congreso-en-misiones\/\">Seguir leyendo &rarr;<\/a><\/p>\n","protected":false},"author":5,"featured_media":3989,"comment_status":"open","ping_status":"closed","sticky":false,"template":"","format":"standard","meta":{"csbAdvScrollBarCursor":"","footnotes":""},"categories":[35,2,42],"tags":[],"class_list":["post-3986","post","type-post","status-publish","format-standard","has-post-thumbnail","hentry","category-convocatorias-a-proyectos","category-noticias","category-portada"],"_links":{"self":[{"href":"https:\/\/caf.org.uy\/caf\/wp-json\/wp\/v2\/posts\/3986","targetHints":{"allow":["GET"]}}],"collection":[{"href":"https:\/\/caf.org.uy\/caf\/wp-json\/wp\/v2\/posts"}],"about":[{"href":"https:\/\/caf.org.uy\/caf\/wp-json\/wp\/v2\/types\/post"}],"author":[{"embeddable":true,"href":"https:\/\/caf.org.uy\/caf\/wp-json\/wp\/v2\/users\/5"}],"replies":[{"embeddable":true,"href":"https:\/\/caf.org.uy\/caf\/wp-json\/wp\/v2\/comments?post=3986"}],"version-history":[{"count":1,"href":"https:\/\/caf.org.uy\/caf\/wp-json\/wp\/v2\/posts\/3986\/revisions"}],"predecessor-version":[{"id":3988,"href":"https:\/\/caf.org.uy\/caf\/wp-json\/wp\/v2\/posts\/3986\/revisions\/3988"}],"wp:featuredmedia":[{"embeddable":true,"href":"https:\/\/caf.org.uy\/caf\/wp-json\/wp\/v2\/media\/3989"}],"wp:attachment":[{"href":"https:\/\/caf.org.uy\/caf\/wp-json\/wp\/v2\/media?parent=3986"}],"wp:term":[{"taxonomy":"category","embeddable":true,"href":"https:\/\/caf.org.uy\/caf\/wp-json\/wp\/v2\/categories?post=3986"},{"taxonomy":"post_tag","embeddable":true,"href":"https:\/\/caf.org.uy\/caf\/wp-json\/wp\/v2\/tags?post=3986"}],"curies":[{"name":"wp","href":"https:\/\/api.w.org\/{rel}","templated":true}]}}