{"id":3976,"date":"2016-06-21T20:35:04","date_gmt":"2016-06-21T20:35:04","guid":{"rendered":"https:\/\/caf.org.uy\/caf\/?p=3976"},"modified":"2016-06-21T20:35:04","modified_gmt":"2016-06-21T20:35:04","slug":"el-grupo-ganadero-se-reunio-para-continuar-trabajando","status":"publish","type":"post","link":"https:\/\/caf.org.uy\/caf\/el-grupo-ganadero-se-reunio-para-continuar-trabajando\/","title":{"rendered":"El Grupo Ganadero se reuni\u00f3 para continuar trabajando"},"content":{"rendered":"<p>El pasado 14 de junio sesion\u00f3 el grupo de referentes ganaderos de CAF. Los temas centrales en esta oportunidad fueron Campo Natural y Brucelosis, nivelando informaci\u00f3n con el delegado en la Mesa Ampliada de Ganader\u00eda sobre Campo Natural Ing. Agr. Fernando Coronel y el delegado en la CONAHSA Dr. Roque Almeida.<\/p>\n<p>En cada tema adem\u00e1s de la situaci\u00f3n pa\u00eds, se discutieron grandes l\u00edneas y propuestas en funci\u00f3n de las preocupaciones del grupo. Por otro lado, quienes participaron del Congreso de Hereford en representaci\u00f3n de CAF compartieron un completo informe al grupo con los puntos destacados de cada actividad del Congreso.<\/p>\n","protected":false},"excerpt":{"rendered":"<p>El pasado 14 de junio sesion\u00f3 el grupo de referentes ganaderos de CAF. Los temas centrales en esta oportunidad fueron Campo Natural y Brucelosis, nivelando informaci\u00f3n con el delegado en &hellip; <a class=\"readmore\" href=\"https:\/\/caf.org.uy\/caf\/el-grupo-ganadero-se-reunio-para-continuar-trabajando\/\">Seguir leyendo &rarr;<\/a><\/p>\n","protected":false},"author":5,"featured_media":3977,"comment_status":"open","ping_status":"closed","sticky":false,"template":"","format":"standard","meta":{"csbAdvScrollBarCursor":"","footnotes":""},"categories":[18,2,42],"tags":[],"class_list":["post-3976","post","type-post","status-publish","format-standard","has-post-thumbnail","hentry","category-cadenas-de-valor","category-noticias","category-portada"],"_links":{"self":[{"href":"https:\/\/caf.org.uy\/caf\/wp-json\/wp\/v2\/posts\/3976","targetHints":{"allow":["GET"]}}],"collection":[{"href":"https:\/\/caf.org.uy\/caf\/wp-json\/wp\/v2\/posts"}],"about":[{"href":"https:\/\/caf.org.uy\/caf\/wp-json\/wp\/v2\/types\/post"}],"author":[{"embeddable":true,"href":"https:\/\/caf.org.uy\/caf\/wp-json\/wp\/v2\/users\/5"}],"replies":[{"embeddable":true,"href":"https:\/\/caf.org.uy\/caf\/wp-json\/wp\/v2\/comments?post=3976"}],"version-history":[{"count":1,"href":"https:\/\/caf.org.uy\/caf\/wp-json\/wp\/v2\/posts\/3976\/revisions"}],"predecessor-version":[{"id":3978,"href":"https:\/\/caf.org.uy\/caf\/wp-json\/wp\/v2\/posts\/3976\/revisions\/3978"}],"wp:featuredmedia":[{"embeddable":true,"href":"https:\/\/caf.org.uy\/caf\/wp-json\/wp\/v2\/media\/3977"}],"wp:attachment":[{"href":"https:\/\/caf.org.uy\/caf\/wp-json\/wp\/v2\/media?parent=3976"}],"wp:term":[{"taxonomy":"category","embeddable":true,"href":"https:\/\/caf.org.uy\/caf\/wp-json\/wp\/v2\/categories?post=3976"},{"taxonomy":"post_tag","embeddable":true,"href":"https:\/\/caf.org.uy\/caf\/wp-json\/wp\/v2\/tags?post=3976"}],"curies":[{"name":"wp","href":"https:\/\/api.w.org\/{rel}","templated":true}]}}