{"id":3964,"date":"2016-06-21T20:20:23","date_gmt":"2016-06-21T20:20:23","guid":{"rendered":"https:\/\/caf.org.uy\/caf\/?p=3964"},"modified":"2016-06-21T20:20:23","modified_gmt":"2016-06-21T20:20:23","slug":"inicio-el-grupo-agricola-del-proyecto-interinstitucional","status":"publish","type":"post","link":"https:\/\/caf.org.uy\/caf\/inicio-el-grupo-agricola-del-proyecto-interinstitucional\/","title":{"rendered":"Inici\u00f3 el Grupo Agr\u00edcola del proyecto interinstitucional"},"content":{"rendered":"<p>El pasado jueves 16 de junio se realiz\u00f3 el primer taller de la etapa II del proyecto <em>Estrategias empresariales y pol\u00edticas para el desarrollo competitivo de las organizaciones colectivas agrarias\/agroindustriales consolidadas en Uruguay<\/em>. En esta oportunidad fue el turno del grupo Agr\u00edcola.<\/p>\n<p>Concurrieron 8 organizaciones colectivas vinculadas al rubro, con delegaciones conformadas por dirigentes y gerentes logrando un interesante di\u00e1logo. Participaron CADOL, CALMER, CALSAL, COPAGRAN, CRADECO, SOFOVAL y URF, como socias de CAF y SFR Ortiz socia de CNFR.<\/p>\n<p>La jornada de trabajo se llev\u00f3 a cabo en la sala de DGDR y se implementaron diversas metodolog\u00edas para lograr el intercambio entre los participantes- presentaciones, trabajo en plenarias, subgrupos inter e intra organizaciones, buscando analizar las diferentes miradas sobre el sector agr\u00edcola y la inserci\u00f3n de las organizaciones colectivas del Uruguay en el mismo.<\/p>\n<p>El segundo taller para este grupo se fijar\u00e1 con los participantes en las pr\u00f3ximas semanas, definiendo qu\u00e9 temas abordar y qu\u00e9 objetivos concretos perseguir.<\/p>\n<p>El pr\u00f3ximo jueves 23 se realizar\u00e1 el primer taller para el grupo ganadero, mientras que el 30 le tocar\u00e1 el turno al lechero.<\/p>\n<p><a href=\"https:\/\/caf.org.uy\/caf\/?p=3798\">M\u00e1s informaci\u00f3n del proyecto y los talleres aqui<\/a><\/p>\n\n\t\t<style type=\"text\/css\">\n\t\t\t#gallery-1 {\n\t\t\t\tmargin: auto;\n\t\t\t}\n\t\t\t#gallery-1 .gallery-item {\n\t\t\t\tfloat: left;\n\t\t\t\tmargin-top: 10px;\n\t\t\t\ttext-align: center;\n\t\t\t\twidth: 25%;\n\t\t\t}\n\t\t\t#gallery-1 img {\n\t\t\t\tborder: 2px solid #cfcfcf;\n\t\t\t}\n\t\t\t#gallery-1 .gallery-caption {\n\t\t\t\tmargin-left: 0;\n\t\t\t}\n\t\t\t\/* see gallery_shortcode() in wp-includes\/media.php *\/\n\t\t<\/style>\n\t\t<div id='gallery-1' class='gallery galleryid-3964 gallery-columns-4 gallery-size-thumbnail'><dl class='gallery-item'>\n\t\t\t<dt class='gallery-icon landscape'>\n\t\t\t\t<a href='https:\/\/caf.org.uy\/caf\/inicio-el-grupo-agricola-del-proyecto-interinstitucional\/13407310_1478256912200573_7352822980809331093_n\/'><img decoding=\"async\" width=\"230\" height=\"170\" src=\"https:\/\/caf.org.uy\/caf\/wp-content\/uploads\/2016\/06\/13407310_1478256912200573_7352822980809331093_n-230x170.jpg\" class=\"attachment-thumbnail size-thumbnail\" alt=\"\" \/><\/a>\n\t\t\t<\/dt><\/dl><dl class='gallery-item'>\n\t\t\t<dt class='gallery-icon landscape'>\n\t\t\t\t<a href='https:\/\/caf.org.uy\/caf\/inicio-el-grupo-agricola-del-proyecto-interinstitucional\/13413169_1478257025533895_5918595435607580464_n\/'><img decoding=\"async\" width=\"230\" height=\"170\" src=\"https:\/\/caf.org.uy\/caf\/wp-content\/uploads\/2016\/06\/13413169_1478257025533895_5918595435607580464_n-230x170.jpg\" class=\"attachment-thumbnail size-thumbnail\" alt=\"\" \/><\/a>\n\t\t\t<\/dt><\/dl><dl class='gallery-item'>\n\t\t\t<dt class='gallery-icon landscape'>\n\t\t\t\t<a href='https:\/\/caf.org.uy\/caf\/inicio-el-grupo-agricola-del-proyecto-interinstitucional\/13418916_1478256942200570_2213302862983286791_n\/'><img decoding=\"async\" width=\"230\" height=\"170\" src=\"https:\/\/caf.org.uy\/caf\/wp-content\/uploads\/2016\/06\/13418916_1478256942200570_2213302862983286791_n-230x170.jpg\" class=\"attachment-thumbnail size-thumbnail\" alt=\"\" \/><\/a>\n\t\t\t<\/dt><\/dl><dl class='gallery-item'>\n\t\t\t<dt class='gallery-icon landscape'>\n\t\t\t\t<a href='https:\/\/caf.org.uy\/caf\/inicio-el-grupo-agricola-del-proyecto-interinstitucional\/13434812_1478256715533926_2259754721075698098_n\/'><img loading=\"lazy\" decoding=\"async\" width=\"230\" height=\"170\" src=\"https:\/\/caf.org.uy\/caf\/wp-content\/uploads\/2016\/06\/13434812_1478256715533926_2259754721075698098_n-230x170.jpg\" class=\"attachment-thumbnail size-thumbnail\" alt=\"\" \/><\/a>\n\t\t\t<\/dt><\/dl><br style=\"clear: both\" \/><dl class='gallery-item'>\n\t\t\t<dt class='gallery-icon landscape'>\n\t\t\t\t<a href='https:\/\/caf.org.uy\/caf\/inicio-el-grupo-agricola-del-proyecto-interinstitucional\/13434885_1478256742200590_7641861874355663353_n\/'><img loading=\"lazy\" decoding=\"async\" width=\"230\" height=\"170\" src=\"https:\/\/caf.org.uy\/caf\/wp-content\/uploads\/2016\/06\/13434885_1478256742200590_7641861874355663353_n-230x170.jpg\" class=\"attachment-thumbnail size-thumbnail\" alt=\"\" \/><\/a>\n\t\t\t<\/dt><\/dl><dl class='gallery-item'>\n\t\t\t<dt class='gallery-icon landscape'>\n\t\t\t\t<a href='https:\/\/caf.org.uy\/caf\/inicio-el-grupo-agricola-del-proyecto-interinstitucional\/13445368_1478256798867251_5969818098824450523_n\/'><img loading=\"lazy\" decoding=\"async\" width=\"230\" height=\"170\" src=\"https:\/\/caf.org.uy\/caf\/wp-content\/uploads\/2016\/06\/13445368_1478256798867251_5969818098824450523_n-230x170.jpg\" class=\"attachment-thumbnail size-thumbnail\" alt=\"\" \/><\/a>\n\t\t\t<\/dt><\/dl><dl class='gallery-item'>\n\t\t\t<dt class='gallery-icon landscape'>\n\t\t\t\t<a href='https:\/\/caf.org.uy\/caf\/inicio-el-grupo-agricola-del-proyecto-interinstitucional\/13445789_1478256968867234_8960433105984073667_n\/'><img loading=\"lazy\" decoding=\"async\" width=\"230\" height=\"170\" src=\"https:\/\/caf.org.uy\/caf\/wp-content\/uploads\/2016\/06\/13445789_1478256968867234_8960433105984073667_n-230x170.jpg\" class=\"attachment-thumbnail size-thumbnail\" alt=\"\" \/><\/a>\n\t\t\t<\/dt><\/dl><dl class='gallery-item'>\n\t\t\t<dt class='gallery-icon landscape'>\n\t\t\t\t<a href='https:\/\/caf.org.uy\/caf\/inicio-el-grupo-agricola-del-proyecto-interinstitucional\/13450219_1478256678867263_3202861407311486890_n\/'><img loading=\"lazy\" decoding=\"async\" width=\"230\" height=\"170\" src=\"https:\/\/caf.org.uy\/caf\/wp-content\/uploads\/2016\/06\/13450219_1478256678867263_3202861407311486890_n-230x170.jpg\" class=\"attachment-thumbnail size-thumbnail\" alt=\"\" \/><\/a>\n\t\t\t<\/dt><\/dl><br style=\"clear: both\" \/><dl class='gallery-item'>\n\t\t\t<dt class='gallery-icon landscape'>\n\t\t\t\t<a href='https:\/\/caf.org.uy\/caf\/inicio-el-grupo-agricola-del-proyecto-interinstitucional\/13450286_1478257085533889_6437244768358937576_n-2\/'><img loading=\"lazy\" decoding=\"async\" width=\"230\" height=\"170\" src=\"https:\/\/caf.org.uy\/caf\/wp-content\/uploads\/2016\/06\/13450286_1478257085533889_6437244768358937576_n-1-230x170.jpg\" class=\"attachment-thumbnail size-thumbnail\" alt=\"\" \/><\/a>\n\t\t\t<\/dt><\/dl>\n\t\t\t<br style='clear: both' \/>\n\t\t<\/div>\n\n<p>&nbsp;<\/p>\n<p>&nbsp;<\/p>\n","protected":false},"excerpt":{"rendered":"<p>El pasado jueves 16 de junio se realiz\u00f3 el primer taller de la etapa II del proyecto Estrategias empresariales y pol\u00edticas para el desarrollo competitivo de las organizaciones colectivas agrarias\/agroindustriales &hellip; <a class=\"readmore\" href=\"https:\/\/caf.org.uy\/caf\/inicio-el-grupo-agricola-del-proyecto-interinstitucional\/\">Seguir leyendo &rarr;<\/a><\/p>\n","protected":false},"author":5,"featured_media":3965,"comment_status":"open","ping_status":"closed","sticky":false,"template":"","format":"standard","meta":{"csbAdvScrollBarCursor":"","footnotes":""},"categories":[18,2,42],"tags":[],"class_list":["post-3964","post","type-post","status-publish","format-standard","has-post-thumbnail","hentry","category-cadenas-de-valor","category-noticias","category-portada"],"_links":{"self":[{"href":"https:\/\/caf.org.uy\/caf\/wp-json\/wp\/v2\/posts\/3964","targetHints":{"allow":["GET"]}}],"collection":[{"href":"https:\/\/caf.org.uy\/caf\/wp-json\/wp\/v2\/posts"}],"about":[{"href":"https:\/\/caf.org.uy\/caf\/wp-json\/wp\/v2\/types\/post"}],"author":[{"embeddable":true,"href":"https:\/\/caf.org.uy\/caf\/wp-json\/wp\/v2\/users\/5"}],"replies":[{"embeddable":true,"href":"https:\/\/caf.org.uy\/caf\/wp-json\/wp\/v2\/comments?post=3964"}],"version-history":[{"count":1,"href":"https:\/\/caf.org.uy\/caf\/wp-json\/wp\/v2\/posts\/3964\/revisions"}],"predecessor-version":[{"id":3975,"href":"https:\/\/caf.org.uy\/caf\/wp-json\/wp\/v2\/posts\/3964\/revisions\/3975"}],"wp:featuredmedia":[{"embeddable":true,"href":"https:\/\/caf.org.uy\/caf\/wp-json\/wp\/v2\/media\/3965"}],"wp:attachment":[{"href":"https:\/\/caf.org.uy\/caf\/wp-json\/wp\/v2\/media?parent=3964"}],"wp:term":[{"taxonomy":"category","embeddable":true,"href":"https:\/\/caf.org.uy\/caf\/wp-json\/wp\/v2\/categories?post=3964"},{"taxonomy":"post_tag","embeddable":true,"href":"https:\/\/caf.org.uy\/caf\/wp-json\/wp\/v2\/tags?post=3964"}],"curies":[{"name":"wp","href":"https:\/\/api.w.org\/{rel}","templated":true}]}}