{"id":3958,"date":"2016-06-21T20:00:23","date_gmt":"2016-06-21T20:00:23","guid":{"rendered":"https:\/\/caf.org.uy\/caf\/?p=3958"},"modified":"2016-06-21T20:00:23","modified_gmt":"2016-06-21T20:00:23","slug":"oportunidad-llamado-a-proyectos-de-cooperativas-agrarias","status":"publish","type":"post","link":"https:\/\/caf.org.uy\/caf\/oportunidad-llamado-a-proyectos-de-cooperativas-agrarias\/","title":{"rendered":"Oportunidad! llamado a proyectos de cooperativas agrarias"},"content":{"rendered":"<p>En el marco del Proyecto de Funcionamiento, \u201cFortalecimiento e Implementaci\u00f3n de Pol\u00edticas de Especializaci\u00f3n Productiva\u201d el MIEM \u00a0convoca a Cooperativas Agrarias y Sociedades de Fomento Rural (SFR) con actividad industrial a presentar proyectos que favorezcan el desarrollo de \u00e1reas clave de su actividad productiva o prestaci\u00f3n de servicios en pro de la mejora de su competitividad.<br \/>\nLos proyectos deber\u00e1n contemplar innovaci\u00f3n en producto, procesos, organizaci\u00f3n, comercializaci\u00f3n; mejoras de gesti\u00f3n, mejoras en procesos de producci\u00f3n y\/o certificaciones.<br \/>\nGastos elegibles<br \/>\n\uf0b7 Adquisici\u00f3n de m\u00e1quinas, equipos y\/o herramientas necesarias para llevar adelante la actividad productiva y\/o prestaci\u00f3n de servicios. Se admite la reparaci\u00f3n de las mismas cuando se justifique que es t\u00e9cnica y econ\u00f3micamente m\u00e1s conveniente para el emprendimiento.<br \/>\n\uf0b7 Insumos para el ciclo productivo (materias primas, bienes en proceso) hasta un m\u00e1ximo del 15% del total adjudicado<br \/>\n\uf0b7 Registro de marcas y\/o patentes y certificaciones<br \/>\n\uf0b7 Hardware, Software, servicios tecnolog\u00edas de la informaci\u00f3n y comunicaci\u00f3n (TIC\u00b4s)<br \/>\n\uf0b7 Reformas en infraestructura del local donde se desarrolla la actividad productiva siempre que el local sea propiedad de la cooperativa o est\u00e9 en r\u00e9gimen de comodato por per\u00edodo remanente igual o mayor a cinco a\u00f1os.<br \/>\n\uf0b7 Capacitaci\u00f3n t\u00e9cnica y\/o entrenamiento del personal. Deber\u00e1 ser impartida por profesionales calificados, con antecedentes laborales verificables. La capacitaci\u00f3n deber\u00e1 estar vinculada al proyecto y tener impacto directo en el resultado del mismo (hasta un m\u00e1ximo del 15% de los fondos adjudicados)<br \/>\n\uf0b7 Asistencia T\u00e9cnica seg\u00fan lo requiera el objetivo del proyecto. Deber\u00e1 ser impartida por profesionales calificados, con antecedentes laborales verificables. La asistencia t\u00e9cnica deber\u00e1 estar vinculada al proyecto y tener impacto directo en el resultado del mismo (hasta un m\u00e1ximo del 15% de los fondos adjudicados)<\/p>\n<p><a href=\"https:\/\/caf.org.uy\/caf\/wp-content\/uploads\/2016\/06\/BASES-CONVOCATORIA-INTERC-2016-1.pdf\">BASES CONVOCATORIA INTERC 2016<\/a><\/p>\n<p><a href=\"https:\/\/caf.org.uy\/caf\/wp-content\/uploads\/2016\/06\/FORMULARIO-ANEXO-AGRARIAS-Y-SFR-2016.doc\">FORMULARIO ANEXO AGRARIAS Y SFR 2016<\/a><\/p>\n<p><a href=\"https:\/\/caf.org.uy\/caf\/wp-content\/uploads\/2016\/06\/RESOLUCION-AGRARIAS-SFR2016.pdf\">RESOLUCION AGRARIAS SFR2016<\/a><\/p>\n","protected":false},"excerpt":{"rendered":"<p>En el marco del Proyecto de Funcionamiento, \u201cFortalecimiento e Implementaci\u00f3n de Pol\u00edticas de Especializaci\u00f3n Productiva\u201d el MIEM \u00a0convoca a Cooperativas Agrarias y Sociedades de Fomento Rural (SFR) con actividad industrial &hellip; <a class=\"readmore\" href=\"https:\/\/caf.org.uy\/caf\/oportunidad-llamado-a-proyectos-de-cooperativas-agrarias\/\">Seguir leyendo &rarr;<\/a><\/p>\n","protected":false},"author":5,"featured_media":3921,"comment_status":"open","ping_status":"closed","sticky":false,"template":"","format":"standard","meta":{"csbAdvScrollBarCursor":"","footnotes":""},"categories":[35,2,42],"tags":[],"class_list":["post-3958","post","type-post","status-publish","format-standard","has-post-thumbnail","hentry","category-convocatorias-a-proyectos","category-noticias","category-portada"],"_links":{"self":[{"href":"https:\/\/caf.org.uy\/caf\/wp-json\/wp\/v2\/posts\/3958","targetHints":{"allow":["GET"]}}],"collection":[{"href":"https:\/\/caf.org.uy\/caf\/wp-json\/wp\/v2\/posts"}],"about":[{"href":"https:\/\/caf.org.uy\/caf\/wp-json\/wp\/v2\/types\/post"}],"author":[{"embeddable":true,"href":"https:\/\/caf.org.uy\/caf\/wp-json\/wp\/v2\/users\/5"}],"replies":[{"embeddable":true,"href":"https:\/\/caf.org.uy\/caf\/wp-json\/wp\/v2\/comments?post=3958"}],"version-history":[{"count":1,"href":"https:\/\/caf.org.uy\/caf\/wp-json\/wp\/v2\/posts\/3958\/revisions"}],"predecessor-version":[{"id":3962,"href":"https:\/\/caf.org.uy\/caf\/wp-json\/wp\/v2\/posts\/3958\/revisions\/3962"}],"wp:featuredmedia":[{"embeddable":true,"href":"https:\/\/caf.org.uy\/caf\/wp-json\/wp\/v2\/media\/3921"}],"wp:attachment":[{"href":"https:\/\/caf.org.uy\/caf\/wp-json\/wp\/v2\/media?parent=3958"}],"wp:term":[{"taxonomy":"category","embeddable":true,"href":"https:\/\/caf.org.uy\/caf\/wp-json\/wp\/v2\/categories?post=3958"},{"taxonomy":"post_tag","embeddable":true,"href":"https:\/\/caf.org.uy\/caf\/wp-json\/wp\/v2\/tags?post=3958"}],"curies":[{"name":"wp","href":"https:\/\/api.w.org\/{rel}","templated":true}]}}