{"id":3946,"date":"2016-06-08T13:36:55","date_gmt":"2016-06-08T13:36:55","guid":{"rendered":"https:\/\/caf.org.uy\/caf\/?p=3946"},"modified":"2016-06-08T13:36:55","modified_gmt":"2016-06-08T13:36:55","slug":"mesa-nacional-de-trigo-presenta-sugerencias-a-productores","status":"publish","type":"post","link":"https:\/\/caf.org.uy\/caf\/mesa-nacional-de-trigo-presenta-sugerencias-a-productores\/","title":{"rendered":"Mesa Nacional de Trigo presenta sugerencias a productores"},"content":{"rendered":"<p>Mesa Nacional de Trigo de la cual CAF es miembro exhorta a productores a tomar medidas para mejorar la calidad industrial.La Mesa Nacional de Trigo present\u00f3 sugerencias para la promoci\u00f3n de la calidad industrial del trigo con \u00e9nfasis en la inocuidad y la calidad panadera del producto con miras hacia la exportaci\u00f3n. Los detalles fueron presentados el pasado mi\u00e9rcoles 1\u00ba en conferencia de prensa en la Sede Central del Ministerio de Ganader\u00eda Agricultura y Pesca, compartimos video de la actividad:<\/p>\n<p><iframe title=\"Mesa Nacional de Trigo exhorta a productores a tomar medidas para mejorar la calidad industrial\" width=\"642\" height=\"361\" src=\"https:\/\/www.youtube.com\/embed\/3ThlhFDQcVo?feature=oembed\" frameborder=\"0\" allow=\"accelerometer; autoplay; clipboard-write; encrypted-media; gyroscope; picture-in-picture; web-share\" referrerpolicy=\"strict-origin-when-cross-origin\" allowfullscreen><\/iframe><\/p>\n","protected":false},"excerpt":{"rendered":"<p>Mesa Nacional de Trigo de la cual CAF es miembro exhorta a productores a tomar medidas para mejorar la calidad industrial.La Mesa Nacional de Trigo present\u00f3 sugerencias para la promoci\u00f3n &hellip; <a class=\"readmore\" href=\"https:\/\/caf.org.uy\/caf\/mesa-nacional-de-trigo-presenta-sugerencias-a-productores\/\">Seguir leyendo &rarr;<\/a><\/p>\n","protected":false},"author":5,"featured_media":3947,"comment_status":"open","ping_status":"closed","sticky":false,"template":"","format":"standard","meta":{"csbAdvScrollBarCursor":"","footnotes":""},"categories":[18,2,42],"tags":[],"class_list":["post-3946","post","type-post","status-publish","format-standard","has-post-thumbnail","hentry","category-cadenas-de-valor","category-noticias","category-portada"],"_links":{"self":[{"href":"https:\/\/caf.org.uy\/caf\/wp-json\/wp\/v2\/posts\/3946","targetHints":{"allow":["GET"]}}],"collection":[{"href":"https:\/\/caf.org.uy\/caf\/wp-json\/wp\/v2\/posts"}],"about":[{"href":"https:\/\/caf.org.uy\/caf\/wp-json\/wp\/v2\/types\/post"}],"author":[{"embeddable":true,"href":"https:\/\/caf.org.uy\/caf\/wp-json\/wp\/v2\/users\/5"}],"replies":[{"embeddable":true,"href":"https:\/\/caf.org.uy\/caf\/wp-json\/wp\/v2\/comments?post=3946"}],"version-history":[{"count":1,"href":"https:\/\/caf.org.uy\/caf\/wp-json\/wp\/v2\/posts\/3946\/revisions"}],"predecessor-version":[{"id":3948,"href":"https:\/\/caf.org.uy\/caf\/wp-json\/wp\/v2\/posts\/3946\/revisions\/3948"}],"wp:featuredmedia":[{"embeddable":true,"href":"https:\/\/caf.org.uy\/caf\/wp-json\/wp\/v2\/media\/3947"}],"wp:attachment":[{"href":"https:\/\/caf.org.uy\/caf\/wp-json\/wp\/v2\/media?parent=3946"}],"wp:term":[{"taxonomy":"category","embeddable":true,"href":"https:\/\/caf.org.uy\/caf\/wp-json\/wp\/v2\/categories?post=3946"},{"taxonomy":"post_tag","embeddable":true,"href":"https:\/\/caf.org.uy\/caf\/wp-json\/wp\/v2\/tags?post=3946"}],"curies":[{"name":"wp","href":"https:\/\/api.w.org\/{rel}","templated":true}]}}