{"id":3918,"date":"2016-06-02T14:37:50","date_gmt":"2016-06-02T14:37:50","guid":{"rendered":"https:\/\/caf.org.uy\/caf\/?p=3918"},"modified":"2016-06-02T14:37:50","modified_gmt":"2016-06-02T14:37:50","slug":"miem-convoca-a-proyectos-intercooperativos","status":"publish","type":"post","link":"https:\/\/caf.org.uy\/caf\/miem-convoca-a-proyectos-intercooperativos\/","title":{"rendered":"MIEM convoca a Proyectos Intercooperativos"},"content":{"rendered":"<p>En el marco del Proyecto de Funcionamiento, \u201cFortalecimiento e Implementaci\u00f3n de Pol\u00edticas de Especializaci\u00f3n Productiva\u201d el MIEM convoca a Cooperativas de Trabajo, Cooperativas Agrarias y Sociedades de Fomento Rural (con actividad industrial) a presentar proyectos intercooperativos que favorezcan el desarrollo de \u00e1reas clave de su actividad productiva o prestaci\u00f3n de servicios en pro de la mejora de su competitividad.<br \/>\nLos proyectos deber\u00e1n contemplar la formalizaci\u00f3n de alianzas estrat\u00e9gicas entre cooperativas y\/o SFR para el desarrollo de nuevos productos y\/o mejora de productos actuales; mejoras en procesos; mejoras en la organizaci\u00f3n; desarrollo de nuevos canales de comercializaci\u00f3n; acceso a nuevos mercados; mejoras en la gesti\u00f3n; mejoras en procesos de producci\u00f3n y\/o certificaciones as\u00ed como para la incorporaci\u00f3n de innovaci\u00f3n destinada a la industria.<\/p>\n<p><strong><a href=\"https:\/\/caf.org.uy\/caf\/wp-content\/uploads\/2016\/06\/BASES-CONVOCATORIA-INTERC-2016.pdf\">BASES CONVOCATORIA INTERC 2016<\/a><\/strong><\/p>\n<p><strong><a href=\"https:\/\/caf.org.uy\/caf\/wp-content\/uploads\/2016\/06\/FORMULARIO-INTERC-2016.docx\">FORMULARIO INTERC 2016<\/a><\/strong><\/p>\n","protected":false},"excerpt":{"rendered":"<p>En el marco del Proyecto de Funcionamiento, \u201cFortalecimiento e Implementaci\u00f3n de Pol\u00edticas de Especializaci\u00f3n Productiva\u201d el MIEM convoca a Cooperativas de Trabajo, Cooperativas Agrarias y Sociedades de Fomento Rural (con &hellip; <a class=\"readmore\" href=\"https:\/\/caf.org.uy\/caf\/miem-convoca-a-proyectos-intercooperativos\/\">Seguir leyendo &rarr;<\/a><\/p>\n","protected":false},"author":5,"featured_media":3921,"comment_status":"open","ping_status":"closed","sticky":false,"template":"","format":"standard","meta":{"csbAdvScrollBarCursor":"","footnotes":""},"categories":[35,2,42],"tags":[],"class_list":["post-3918","post","type-post","status-publish","format-standard","has-post-thumbnail","hentry","category-convocatorias-a-proyectos","category-noticias","category-portada"],"_links":{"self":[{"href":"https:\/\/caf.org.uy\/caf\/wp-json\/wp\/v2\/posts\/3918","targetHints":{"allow":["GET"]}}],"collection":[{"href":"https:\/\/caf.org.uy\/caf\/wp-json\/wp\/v2\/posts"}],"about":[{"href":"https:\/\/caf.org.uy\/caf\/wp-json\/wp\/v2\/types\/post"}],"author":[{"embeddable":true,"href":"https:\/\/caf.org.uy\/caf\/wp-json\/wp\/v2\/users\/5"}],"replies":[{"embeddable":true,"href":"https:\/\/caf.org.uy\/caf\/wp-json\/wp\/v2\/comments?post=3918"}],"version-history":[{"count":1,"href":"https:\/\/caf.org.uy\/caf\/wp-json\/wp\/v2\/posts\/3918\/revisions"}],"predecessor-version":[{"id":3922,"href":"https:\/\/caf.org.uy\/caf\/wp-json\/wp\/v2\/posts\/3918\/revisions\/3922"}],"wp:featuredmedia":[{"embeddable":true,"href":"https:\/\/caf.org.uy\/caf\/wp-json\/wp\/v2\/media\/3921"}],"wp:attachment":[{"href":"https:\/\/caf.org.uy\/caf\/wp-json\/wp\/v2\/media?parent=3918"}],"wp:term":[{"taxonomy":"category","embeddable":true,"href":"https:\/\/caf.org.uy\/caf\/wp-json\/wp\/v2\/categories?post=3918"},{"taxonomy":"post_tag","embeddable":true,"href":"https:\/\/caf.org.uy\/caf\/wp-json\/wp\/v2\/tags?post=3918"}],"curies":[{"name":"wp","href":"https:\/\/api.w.org\/{rel}","templated":true}]}}