{"id":3867,"date":"2016-05-16T13:27:55","date_gmt":"2016-05-16T13:27:55","guid":{"rendered":"https:\/\/caf.org.uy\/caf\/?p=3867"},"modified":"2016-05-16T13:27:55","modified_gmt":"2016-05-16T13:27:55","slug":"las-propuestas-de-caf-al-ministro-de-ganaderia-y-a-las-comisiones-parlamentarias","status":"publish","type":"post","link":"https:\/\/caf.org.uy\/caf\/las-propuestas-de-caf-al-ministro-de-ganaderia-y-a-las-comisiones-parlamentarias\/","title":{"rendered":"Las propuestas de CAF al ministro de Ganader\u00eda y a las Comisiones Parlamentarias"},"content":{"rendered":"<p>En la jornada de trabajo del Consejo Directivo de CAF y presidentes de las cooperativas agrarias con Tabar\u00e9 Aguerre, ministro de Ganader\u00eda primero, y luego con el senador Andr\u00e9s Berterreche, y diputados Federico Ruiz y Nelson Larzabal de las Comisiones Especializadas, se le plantearon una serie de aportes y reflexiones para construir una hoja de ruta conjunta para salir de la crisis que est\u00e1 viviendo el sector.<\/p>\n<p>La flexibilizaci\u00f3n crediticia a trav\u00e9s del BROU fue un tema contundente que plantearon los directivos de CAF al Ministro, as\u00ed como\u00a0 la posibilidad de incentivar la plantaci\u00f3n de cultivos de invierno \u2013en especial, el trigo\u2013 mediante una devoluci\u00f3n de impuestos a las exportaciones. Esta idea fue desestimada por Aguerre al decir que \u00aben la situaci\u00f3n actual\u00bb del pa\u00eds \u00abno hay posibilidades de usar est\u00edmulos fiscales\u00bb. Adem\u00e1s, CAF insisti\u00f3 en una flexibilidad a las exigencias que plantean los Planes de Uso y Manejo de Suelos. Por otra parte, CAF propuso mantener abiertas todas las posibilidades de exportaci\u00f3n de ganado en pie.<\/p>\n<p>De las cuestiones m\u00e1s generales, Juan Daniel Vago presidente de CAF, plante\u00f3 al Ministro y tambi\u00e9n a los parlamentarios la necesidad de retomar seriamente el tema infraestructura, espec\u00edficamente caminer\u00eda nacional y departamental, retomando la propuesta hecha hace varios a\u00f1os de crea un fiedicomiso con aportes de los productores (ya lo estamos realizando) m\u00e1s aportes del Congreso de Intendentes, \u00a0y del Poder Ejecutivo y lo novedoso, destac\u00f3 Vago \u201cadem\u00e1s\u00a0 del co financiamiento la co gesti\u00f3n que aplicaba la Gobernanza para intentar tener resultados, sin duda es muy moderno al ver el pa\u00eds como un todo.\u201d<\/p>\n<p>Los seguros HTT (huracanes, tornados y terremotos) tambi\u00e9n estuvieron entre los planteos de CAF a las autoridades para iniciar un di\u00e1logo integral con las grandes aseguradoras del pa\u00eds.<\/p>\n<p>Estos temas quedaron en agenda de las autoridades y de CAF para continuar trabajando en concretar las medidas de corto plazo, y trazar una hoja de ruta conjunta para las de mediano y largo plazo.<\/p>\n<p>El presidente de CAF eval\u00faa la jornada en forma positiva, destacando que \u201cfue muy ambiciosa ya que se trabajo por m\u00e1s de dos horas en la nivelaci\u00f3n de informaci\u00f3n entre las cooperativas, luego se trabaj\u00f3 conjuntamente en la construcci\u00f3n de las propuestas al gobierno a trav\u00e9s del Ministro Aguerre primero, y luego terminar con la sensibilizaci\u00f3n a nivel de Senadores y Diputados de las Comisiones de Hacienda y Ganader\u00eda.<\/p>\n","protected":false},"excerpt":{"rendered":"<p>En la jornada de trabajo del Consejo Directivo de CAF y presidentes de las cooperativas agrarias con Tabar\u00e9 Aguerre, ministro de Ganader\u00eda primero, y luego con el senador Andr\u00e9s Berterreche, &hellip; <a class=\"readmore\" href=\"https:\/\/caf.org.uy\/caf\/las-propuestas-de-caf-al-ministro-de-ganaderia-y-a-las-comisiones-parlamentarias\/\">Seguir leyendo &rarr;<\/a><\/p>\n","protected":false},"author":5,"featured_media":3868,"comment_status":"open","ping_status":"closed","sticky":false,"template":"","format":"standard","meta":{"csbAdvScrollBarCursor":"","footnotes":""},"categories":[20,2,42],"tags":[],"class_list":["post-3867","post","type-post","status-publish","format-standard","has-post-thumbnail","hentry","category-institucional-gremial","category-noticias","category-portada"],"_links":{"self":[{"href":"https:\/\/caf.org.uy\/caf\/wp-json\/wp\/v2\/posts\/3867","targetHints":{"allow":["GET"]}}],"collection":[{"href":"https:\/\/caf.org.uy\/caf\/wp-json\/wp\/v2\/posts"}],"about":[{"href":"https:\/\/caf.org.uy\/caf\/wp-json\/wp\/v2\/types\/post"}],"author":[{"embeddable":true,"href":"https:\/\/caf.org.uy\/caf\/wp-json\/wp\/v2\/users\/5"}],"replies":[{"embeddable":true,"href":"https:\/\/caf.org.uy\/caf\/wp-json\/wp\/v2\/comments?post=3867"}],"version-history":[{"count":1,"href":"https:\/\/caf.org.uy\/caf\/wp-json\/wp\/v2\/posts\/3867\/revisions"}],"predecessor-version":[{"id":3869,"href":"https:\/\/caf.org.uy\/caf\/wp-json\/wp\/v2\/posts\/3867\/revisions\/3869"}],"wp:featuredmedia":[{"embeddable":true,"href":"https:\/\/caf.org.uy\/caf\/wp-json\/wp\/v2\/media\/3868"}],"wp:attachment":[{"href":"https:\/\/caf.org.uy\/caf\/wp-json\/wp\/v2\/media?parent=3867"}],"wp:term":[{"taxonomy":"category","embeddable":true,"href":"https:\/\/caf.org.uy\/caf\/wp-json\/wp\/v2\/categories?post=3867"},{"taxonomy":"post_tag","embeddable":true,"href":"https:\/\/caf.org.uy\/caf\/wp-json\/wp\/v2\/tags?post=3867"}],"curies":[{"name":"wp","href":"https:\/\/api.w.org\/{rel}","templated":true}]}}