{"id":3863,"date":"2016-05-16T13:26:25","date_gmt":"2016-05-16T13:26:25","guid":{"rendered":"https:\/\/caf.org.uy\/caf\/?p=3863"},"modified":"2016-05-16T13:26:25","modified_gmt":"2016-05-16T13:26:25","slug":"rubro-a-rubro-las-cooperativas-agrarias-evaluaron-situacion","status":"publish","type":"post","link":"https:\/\/caf.org.uy\/caf\/rubro-a-rubro-las-cooperativas-agrarias-evaluaron-situacion\/","title":{"rendered":"Rubro a rubro, las cooperativas agrarias evaluaron situaci\u00f3n"},"content":{"rendered":"<p>Los presidentes y directivos de CADOL, CALMER, CALIMA, CENTRAL LANERA, CONAPROLE, SFR COLONIA SUIZA, EL FOGON, JUMECAL, SFR TARARIRAS, URF y COLAVECO compartieron el pasado martes 10 de mayo una jornada de trabajo con el Consejo Directivo de CAF para relevar la situaci\u00f3n por rubro e integrar el espacio de trabajo con el Ministro de Ganader\u00eda y a las Comisiones parlamentarias especializadas.<\/p>\n<p>La ronda de informaci\u00f3n arroj\u00f3 datos contundentes en los rubros agr\u00edcola, ganadero y lechero, tambi\u00e9n se abord\u00f3 el tema granjero.<\/p>\n<p>En la ronda de relevamiento, CALMER, la cooperativa agraria de Mercedes, dijo que a pesar de no haber terminado a\u00fan la cosecha ya se puede estimar que el rendimiento de la Soja ser\u00e1 de 800 kg a 1.000 kg menos por hect\u00e1rea.<\/p>\n<p>Por su parte, el presidente de Uni\u00f3n Rural de Flores inform\u00f3 que de los 2300 kilos de soja por hect\u00e1rea estimado en marzo, hoy est\u00e1 en 1800-1900 kilos por hect\u00e1rea.<\/p>\n<p>Las cooperativas agr\u00edcolas informaron tambi\u00e9n de las p\u00e9rdidas de los productores vinculados al aumento de los costos de flete, secado, acondicionamiento y combustible.<\/p>\n<p>En la lecher\u00eda el panorama sigue siendo complicado, \u00a0seg\u00fan el presidente de CONAPROLE \u00c1lvaro Ambrois, quien adem\u00e1s inform\u00f3 \u00a0que la lecher\u00eda y los productores \u201cya ven\u00edan complicados\u201d y destacando el aumento en el costo de fletes, y a modo \u00a0de ejemplo, \u201chubo camiones que debieron transitar m\u00e1s de 4.000 km por d\u00eda debido a los desv\u00edos, puentes inundados, entre otros\u201d.<\/p>\n<p>Ambrois transmiti\u00f3 al Consejo de CAF y los presidentes de las dem\u00e1s cooperativas agrarias que \u201clos problemas son serios, lo importante de estas reuniones es mantener el sector unido, Conaprole est\u00e1 para acompa\u00f1ar, somos integrantes de CAF y estamos en contacto con el presidente constantemente\u201d.<\/p>\n<p>Las cooperativas ganaderas vinculadas al rubro vacuno y ovino destacaron los bajos \u00edndices de pre\u00f1ez, as\u00ed como tambi\u00e9n los problemas de garrapata en vacunos, pestes, piojo y sarna en lanares por el exceso de humedad.<\/p>\n<p>En la granja, la cooperativa JUMECAL plante\u00f3 la disminuci\u00f3n del 80 % en la producci\u00f3n de pera vinculada a la falta de frio del invierno pasado, si bien estos problemas no se deben a la actual coyuntura, de todas formas qued\u00f3 planteada la dificultad que adem\u00e1s ocasiona serios perjuicios a la cooperativa en tanto no se ocupa plenamente las c\u00e1maras frigor\u00edficas lo que dificulta cubrir los costos fijos a la cooperativa.<\/p>\n","protected":false},"excerpt":{"rendered":"<p>Los presidentes y directivos de CADOL, CALMER, CALIMA, CENTRAL LANERA, CONAPROLE, SFR COLONIA SUIZA, EL FOGON, JUMECAL, SFR TARARIRAS, URF y COLAVECO compartieron el pasado martes 10 de mayo una &hellip; <a class=\"readmore\" href=\"https:\/\/caf.org.uy\/caf\/rubro-a-rubro-las-cooperativas-agrarias-evaluaron-situacion\/\">Seguir leyendo &rarr;<\/a><\/p>\n","protected":false},"author":5,"featured_media":3864,"comment_status":"open","ping_status":"closed","sticky":false,"template":"","format":"standard","meta":{"csbAdvScrollBarCursor":"","footnotes":""},"categories":[20,2,42],"tags":[],"class_list":["post-3863","post","type-post","status-publish","format-standard","has-post-thumbnail","hentry","category-institucional-gremial","category-noticias","category-portada"],"_links":{"self":[{"href":"https:\/\/caf.org.uy\/caf\/wp-json\/wp\/v2\/posts\/3863","targetHints":{"allow":["GET"]}}],"collection":[{"href":"https:\/\/caf.org.uy\/caf\/wp-json\/wp\/v2\/posts"}],"about":[{"href":"https:\/\/caf.org.uy\/caf\/wp-json\/wp\/v2\/types\/post"}],"author":[{"embeddable":true,"href":"https:\/\/caf.org.uy\/caf\/wp-json\/wp\/v2\/users\/5"}],"replies":[{"embeddable":true,"href":"https:\/\/caf.org.uy\/caf\/wp-json\/wp\/v2\/comments?post=3863"}],"version-history":[{"count":1,"href":"https:\/\/caf.org.uy\/caf\/wp-json\/wp\/v2\/posts\/3863\/revisions"}],"predecessor-version":[{"id":3865,"href":"https:\/\/caf.org.uy\/caf\/wp-json\/wp\/v2\/posts\/3863\/revisions\/3865"}],"wp:featuredmedia":[{"embeddable":true,"href":"https:\/\/caf.org.uy\/caf\/wp-json\/wp\/v2\/media\/3864"}],"wp:attachment":[{"href":"https:\/\/caf.org.uy\/caf\/wp-json\/wp\/v2\/media?parent=3863"}],"wp:term":[{"taxonomy":"category","embeddable":true,"href":"https:\/\/caf.org.uy\/caf\/wp-json\/wp\/v2\/categories?post=3863"},{"taxonomy":"post_tag","embeddable":true,"href":"https:\/\/caf.org.uy\/caf\/wp-json\/wp\/v2\/tags?post=3863"}],"curies":[{"name":"wp","href":"https:\/\/api.w.org\/{rel}","templated":true}]}}