{"id":3853,"date":"2016-05-11T13:34:30","date_gmt":"2016-05-11T13:34:30","guid":{"rendered":"https:\/\/caf.org.uy\/caf\/?p=3853"},"modified":"2016-05-11T13:40:58","modified_gmt":"2016-05-11T13:40:58","slug":"agro-y-su-estado-de-situacion","status":"publish","type":"post","link":"https:\/\/caf.org.uy\/caf\/agro-y-su-estado-de-situacion\/","title":{"rendered":"El Espectador. Agro y su estado de situaci\u00f3n"},"content":{"rendered":"<p class=\"copete\">Analizando las consecuencias de los eventos clim\u00e1ticos de gran magnitud que vivi\u00f3 el pa\u00eds y buscando posibles alternativas para enfrentarlas, el consejo directivo de Cooperativas Agrarias Federadas sesion\u00f3 en forma ampliada recibiendo a los presidentes de las cooperativas asociadas. A su vez se reunieron con el Ing.Agr. Tabar\u00e9 Aguerre, Ministro de Ganader\u00eda e integrantes de las Comisiones de Ganader\u00eda de las C\u00e1maras de Diputados y Senadores.<\/p>\n<div class=\"texto\">\n<p><strong>Buscamos llegar a \u201cuna aproximaci\u00f3n de la situaci\u00f3n de los distintos rubros\u201d<\/strong>se\u00f1al\u00f3 el Ing. Agr. Luis Frachia, gerente de CAF en entrevista con Mart\u00edn Maidana en Din\u00e1mica Rural, El Espectador.<\/p>\n<p>En la oportunidad <strong>se trataron temas referidos a ganader\u00eda, lecher\u00eda y agricultura<\/strong>, pero sobre todo como seguir en un escenario complejo para el campo. Sobre la campa\u00f1a de cultivos de verano, Frachia \u00a0indic\u00f3 que \u201c<strong>en promedio se han obtenido 1800 kg por hect\u00e1rea, siendo una \u00a0cifra que representa los rindes promedio de la actual cosecha<\/strong>\u201d, estim\u00f3.<\/p>\n<p>En cuanto a la campa\u00f1a de invierno, buscaron la creaci\u00f3n de medidas para fomentar la siembra de trigo y hacer que la ecuaci\u00f3n econ\u00f3mica cierre mejor, se\u00f1alando que \u00a0en este sentido <strong>le solicitaron al ministro Aguerre que se flexibilice \u00abel plan de uso y manejo de suelo\u201d<\/strong> y as\u00ed poder recibir la \u00a0\u201cdevoluci\u00f3n de algunos impuestos a las exportaciones\u201d, coment\u00f3 el gerente de CAF.<\/p>\n<p><strong>Otro temas tratados fueron la dif\u00edcil situaci\u00f3n por la que atraviesa el sector lechero, exportaci\u00f3n de ganado en pie, aspectos sanitarios y otros asuntos que son coyunturales<\/strong>, pero \u00a0que impactan en la estructura del pa\u00eds.<\/p>\n<p>Fuente:http:\/\/www.espectador.com\/agro\/335199\/agro-y-su-estado-de-situacion<\/p>\n<\/div>\n","protected":false},"excerpt":{"rendered":"<p>Analizando las consecuencias de los eventos clim\u00e1ticos de gran magnitud que vivi\u00f3 el pa\u00eds y buscando posibles alternativas para enfrentarlas, el consejo directivo de Cooperativas Agrarias Federadas sesion\u00f3 en forma &hellip; <a class=\"readmore\" href=\"https:\/\/caf.org.uy\/caf\/agro-y-su-estado-de-situacion\/\">Seguir leyendo &rarr;<\/a><\/p>\n","protected":false},"author":5,"featured_media":3858,"comment_status":"open","ping_status":"closed","sticky":false,"template":"","format":"standard","meta":{"csbAdvScrollBarCursor":"","footnotes":""},"categories":[20,2,42],"tags":[],"class_list":["post-3853","post","type-post","status-publish","format-standard","has-post-thumbnail","hentry","category-institucional-gremial","category-noticias","category-portada"],"_links":{"self":[{"href":"https:\/\/caf.org.uy\/caf\/wp-json\/wp\/v2\/posts\/3853","targetHints":{"allow":["GET"]}}],"collection":[{"href":"https:\/\/caf.org.uy\/caf\/wp-json\/wp\/v2\/posts"}],"about":[{"href":"https:\/\/caf.org.uy\/caf\/wp-json\/wp\/v2\/types\/post"}],"author":[{"embeddable":true,"href":"https:\/\/caf.org.uy\/caf\/wp-json\/wp\/v2\/users\/5"}],"replies":[{"embeddable":true,"href":"https:\/\/caf.org.uy\/caf\/wp-json\/wp\/v2\/comments?post=3853"}],"version-history":[{"count":3,"href":"https:\/\/caf.org.uy\/caf\/wp-json\/wp\/v2\/posts\/3853\/revisions"}],"predecessor-version":[{"id":3859,"href":"https:\/\/caf.org.uy\/caf\/wp-json\/wp\/v2\/posts\/3853\/revisions\/3859"}],"wp:featuredmedia":[{"embeddable":true,"href":"https:\/\/caf.org.uy\/caf\/wp-json\/wp\/v2\/media\/3858"}],"wp:attachment":[{"href":"https:\/\/caf.org.uy\/caf\/wp-json\/wp\/v2\/media?parent=3853"}],"wp:term":[{"taxonomy":"category","embeddable":true,"href":"https:\/\/caf.org.uy\/caf\/wp-json\/wp\/v2\/categories?post=3853"},{"taxonomy":"post_tag","embeddable":true,"href":"https:\/\/caf.org.uy\/caf\/wp-json\/wp\/v2\/tags?post=3853"}],"curies":[{"name":"wp","href":"https:\/\/api.w.org\/{rel}","templated":true}]}}