{"id":3849,"date":"2016-05-11T13:13:24","date_gmt":"2016-05-11T13:13:24","guid":{"rendered":"https:\/\/caf.org.uy\/caf\/?p=3849"},"modified":"2016-05-11T13:35:53","modified_gmt":"2016-05-11T13:35:53","slug":"la-diaria-mal-momento","status":"publish","type":"post","link":"https:\/\/caf.org.uy\/caf\/la-diaria-mal-momento\/","title":{"rendered":"La Diaria. Mal momento"},"content":{"rendered":"<p class=\"after_foto\">Gobierno estima que eventos clim\u00e1ticos reducir\u00e1n al menos un tercio del crecimiento del PIB esperado para este a\u00f1o.<\/p>\n<p class=\"lead\">Partiendo del crecimiento de 1% esperado por el Ejecutivo para este a\u00f1o, las p\u00e9rdidas del sector productivo causadas por el tornado que pas\u00f3 por Dolores a principios de abril y las lluvias de las dos semanas posteriores se estiman en \u201centre 0,3% y 0,4%\u201d del Producto Interno Bruto (PIB) de 2016, seg\u00fan las estimaciones del Ministerio de Ganader\u00eda, Agricultura y Pesca (MGAP). As\u00ed lo expres\u00f3 su titular, Tabar\u00e9 Aguerre, a la salida de una reuni\u00f3n con las Cooperativas Agrarias Federadas (CAF) realizada ayer.<\/p>\n<div class=\"hr\"><\/div>\n<div id=\"body\">\n<p>Transcurridas algunas semanas de los eventos climatol\u00f3gicos extremos que vivi\u00f3 el pa\u00eds, el Consejo Directivo de la CAF, que sesiona todos los martes, decidi\u00f3 ampliar su convocatoria y recibir a los presidentes de las cooperativas y tambi\u00e9n a Aguerre, para analizar en conjunto las consecuencias de estos hechos y las alternativas para enfrentarlas.<\/p>\n<p>Durante la reuni\u00f3n, Aguerre present\u00f3 los datos preliminares de la evaluaci\u00f3n que est\u00e1 haciendo el MGAP sobre los da\u00f1os provocados por las lluvias y el tornado ocurridos en abril, que tuvieron distintas repercusiones seg\u00fan el rubro.<\/p>\n<p>En la soja, por ejemplo, se estima que se perdieron \u201centre 300.000 y 500.000 toneladas\u201d. Sin embargo, como la p\u00e9rdida no fue exclusiva de Uruguay, sino que tambi\u00e9n afect\u00f3 a Argentina y a Brasil, el precio de la leguminosa aument\u00f3 17% en los \u00faltimos dos meses. A pesar de esta \u201ccompensaci\u00f3n relativa\u201d entre p\u00e9rdidas y ganancias, el ministro llam\u00f3 la atenci\u00f3n sobre el aumento de costos extras derivados de la humedad. \u201cNormalmente no hay que secar la soja, y luego de estos excesos h\u00eddricos va a haber que secar hasta 90% de la producci\u00f3n, ya que este grano se comercializa con 13% de humedad y ahora tenemos un nivel de 22%, y eso tiene un costo de 15 d\u00f3lares por tonelada\u201d, explic\u00f3.<\/p>\n<p>En la lecher\u00eda, en tanto, hubo una disminuci\u00f3n de entre 18% y 20% de lo remitido a planta. En este caso, las p\u00e9rdidas de producci\u00f3n se suman a un escenario complicado para el sector. Adem\u00e1s, dado que abril es tambi\u00e9n el primer mes de la lactancia de 90% de las vacas, y que la productividad de estas -que dura nueve meses- se define pr\u00e1cticamente en los primeros dos, \u201cla p\u00e9rdida, en el momento que se da, seguramente va a tener un efecto a lo largo de todo el a\u00f1o en much\u00edsimos sistemas productivos\u201d. Las miles de hect\u00e1reas de pradera perdidas se estiman en 20 kilos por animal, lo que implica una p\u00e9rdida global del valor de las haciendas del pa\u00eds de 300 millones de d\u00f3lares, comunic\u00f3 Aguerre.<\/p>\n<p>Los cultivos de arroz no sufrieron, en general, mayores p\u00e9rdidas. Seg\u00fan Aguerre, en el este del pa\u00eds \u201cva a ser un a\u00f1o parecido al promedio de los \u00faltimos cinco\u201d, pero al norte hay algunos casos puntuales en los que la disminuci\u00f3n de la producci\u00f3n var\u00eda entre 7% y 20%, dependiendo de la zona. En este caso, adem\u00e1s, no s\u00f3lo no hubo un aumento de precios, sino que estos sufrieron una baja en los \u00faltimos tiempos.<\/p>\n<p>Es as\u00ed que las primeras estimaciones del MGAP conducen a un impacto global de entre 0,3% y 0,4% del PIB nacional, un \u201cda\u00f1o mayor\u201d, en una situaci\u00f3n de desaceleraci\u00f3n econ\u00f3mica. \u201cEl efecto clim\u00e1tico se llev\u00f3 un tercio del crecimiento que \u00edbamos a tener\u201d, dijo el ministro, dando cuenta de que estos n\u00fameros no incluyen las implicancias de estas cadenas en el resto del sistema productivo nacional.<\/p>\n<p>Por este motivo, transmiti\u00f3 la importancia de \u201cdarles continuidad\u201d a las cadenas productivas agropecuarias, que \u201cson tan importantes para la econom\u00eda\u201d. Seg\u00fan dijo Aguerre, 75% de las exportaciones del Uruguay son de productos de origen agropecuario o agroindustrial, por lo que \u201cpor la competitividad del sector ganadero y agr\u00edcola est\u00e1n condicionadas un mont\u00f3n de actividades en la econom\u00eda y otros miles de puestos de trabajo\u201d.<\/p>\n<p>La manera de darles continuidad ser\u00eda, principalmente, mediante la recomposici\u00f3n de cada punto de actividad productiva; al respecto Aguerre consider\u00f3 que Uruguay \u201cno puede pensar en soluciones generales\u201d ni tampoco \u201cpedirle al sistema financiero que salga a financiar el uno a uno\u201d, porque eso implicar\u00eda \u201cuna marcha atr\u00e1s\u201d. Sostuvo que la mejor salida estar\u00e1 en \u201ccomprar tiempo\u201d, buscando que los bancos aprueben una ecuaci\u00f3n que permita a los productores cumplir con los intereses pero postergando el plazo de las amortizaciones de sus pr\u00e9stamos.<\/p>\n<p>Fuente:\u00a0http:\/\/ladiaria.com.uy\/articulo\/2016\/5\/mal-momento\/<\/p>\n<\/div>\n","protected":false},"excerpt":{"rendered":"<p>Gobierno estima que eventos clim\u00e1ticos reducir\u00e1n al menos un tercio del crecimiento del PIB esperado para este a\u00f1o. Partiendo del crecimiento de 1% esperado por el Ejecutivo para este a\u00f1o, &hellip; <a class=\"readmore\" href=\"https:\/\/caf.org.uy\/caf\/la-diaria-mal-momento\/\">Seguir leyendo &rarr;<\/a><\/p>\n","protected":false},"author":5,"featured_media":3850,"comment_status":"open","ping_status":"closed","sticky":false,"template":"","format":"standard","meta":{"csbAdvScrollBarCursor":"","footnotes":""},"categories":[20,2,42],"tags":[],"class_list":["post-3849","post","type-post","status-publish","format-standard","has-post-thumbnail","hentry","category-institucional-gremial","category-noticias","category-portada"],"_links":{"self":[{"href":"https:\/\/caf.org.uy\/caf\/wp-json\/wp\/v2\/posts\/3849","targetHints":{"allow":["GET"]}}],"collection":[{"href":"https:\/\/caf.org.uy\/caf\/wp-json\/wp\/v2\/posts"}],"about":[{"href":"https:\/\/caf.org.uy\/caf\/wp-json\/wp\/v2\/types\/post"}],"author":[{"embeddable":true,"href":"https:\/\/caf.org.uy\/caf\/wp-json\/wp\/v2\/users\/5"}],"replies":[{"embeddable":true,"href":"https:\/\/caf.org.uy\/caf\/wp-json\/wp\/v2\/comments?post=3849"}],"version-history":[{"count":1,"href":"https:\/\/caf.org.uy\/caf\/wp-json\/wp\/v2\/posts\/3849\/revisions"}],"predecessor-version":[{"id":3851,"href":"https:\/\/caf.org.uy\/caf\/wp-json\/wp\/v2\/posts\/3849\/revisions\/3851"}],"wp:featuredmedia":[{"embeddable":true,"href":"https:\/\/caf.org.uy\/caf\/wp-json\/wp\/v2\/media\/3850"}],"wp:attachment":[{"href":"https:\/\/caf.org.uy\/caf\/wp-json\/wp\/v2\/media?parent=3849"}],"wp:term":[{"taxonomy":"category","embeddable":true,"href":"https:\/\/caf.org.uy\/caf\/wp-json\/wp\/v2\/categories?post=3849"},{"taxonomy":"post_tag","embeddable":true,"href":"https:\/\/caf.org.uy\/caf\/wp-json\/wp\/v2\/tags?post=3849"}],"curies":[{"name":"wp","href":"https:\/\/api.w.org\/{rel}","templated":true}]}}