{"id":3744,"date":"2016-04-08T20:48:02","date_gmt":"2016-04-08T20:48:02","guid":{"rendered":"http:\/\/www.caf.org.uy\/site\/?p=3744"},"modified":"2016-04-08T20:48:02","modified_gmt":"2016-04-08T20:48:02","slug":"73-de-los-consumidores-no-esta-en-el-mundo-marginal-sino-laboral","status":"publish","type":"post","link":"https:\/\/caf.org.uy\/caf\/73-de-los-consumidores-no-esta-en-el-mundo-marginal-sino-laboral\/","title":{"rendered":"73% de los consumidores no est\u00e1 en el mundo marginal sino laboral"},"content":{"rendered":"<p>&nbsp;<br \/>\nDurante el Seminario organizado por CAF el pasado 8 de abril, el Dr. Damonte abord\u00f3 el decreto reglamentario que refiere a aspectos laborales del consumo de cannabis en los lugares de trabajo y que no est\u00e1 previsto en la Ley que regula el consumo.<br \/>\nEl Dr. Damonte inform\u00f3 que el \u00ab73% de los consumidores no est\u00e1 en el mundo marginal sino en el mundo laboral. Esto preocupa ya que est\u00e1n trabajando la mayor\u00eda de los consumidores por eso hay que tratar este tema desde la perspectiva laboral\u00bb.<br \/>\nLa ley 19.172 que regula el consumo de cannabis no establece nada respecto al impacto del consumo en el lugar de trabajo ni a los controles que puede realizar la empresa. El art. 42 del Decreto 120\/14, es el que se refiere a los aspectos laborales del consumo (prohibiciones, controles, protocolo de actuaci\u00f3n, etc.).<br \/>\nEl Dr. Damonte abord\u00f3 ampliamente las diferentes c<strong>ontradicciones normativas entre este Decreto y la Ley de Responsabilidad Penal Empresarial,<\/strong> entre ellas remarc\u00f3 que es\u00a0muy importante se\u00f1alar la dificultad de articulaci\u00f3n entre estas disposiciones y la responsabilidad penal por omisi\u00f3n de la Ley 19.196: por un mismo acto, el trabajador no es sancionado por el consumo pero el empleador puede ser responsable penalmente por omisi\u00f3n.<br \/>\nEntre otras acciones previstas, se habl\u00f3 de la imposici\u00f3n la creaci\u00f3n de un <strong>\u201cprotocolo de actuaci\u00f3n de prevenci\u00f3n de drogas\u201d.<\/strong><br \/>\nDurante el Seminario el Dr. Damonte abord\u00f3 detalladamente las acciones y aspectos claves para gestionar estos aspectos en las empresas cooperativas o de otro tipo, atendiendo a las consultas de los participantes, gener\u00e1ndose un rico intercambio.<br \/>\n&nbsp;<br \/>\n&nbsp;<\/p>\n","protected":false},"excerpt":{"rendered":"<p>&nbsp; Durante el Seminario organizado por CAF el pasado 8 de abril, el Dr. Damonte abord\u00f3 el decreto reglamentario que refiere a aspectos laborales del consumo de cannabis en los &hellip; <a class=\"readmore\" href=\"https:\/\/caf.org.uy\/caf\/73-de-los-consumidores-no-esta-en-el-mundo-marginal-sino-laboral\/\">Seguir leyendo &rarr;<\/a><\/p>\n","protected":false},"author":1,"featured_media":3745,"comment_status":"open","ping_status":"closed","sticky":false,"template":"","format":"standard","meta":{"csbAdvScrollBarCursor":"","footnotes":""},"categories":[20,2,42],"tags":[],"class_list":["post-3744","post","type-post","status-publish","format-standard","has-post-thumbnail","hentry","category-institucional-gremial","category-noticias","category-portada"],"_links":{"self":[{"href":"https:\/\/caf.org.uy\/caf\/wp-json\/wp\/v2\/posts\/3744","targetHints":{"allow":["GET"]}}],"collection":[{"href":"https:\/\/caf.org.uy\/caf\/wp-json\/wp\/v2\/posts"}],"about":[{"href":"https:\/\/caf.org.uy\/caf\/wp-json\/wp\/v2\/types\/post"}],"author":[{"embeddable":true,"href":"https:\/\/caf.org.uy\/caf\/wp-json\/wp\/v2\/users\/1"}],"replies":[{"embeddable":true,"href":"https:\/\/caf.org.uy\/caf\/wp-json\/wp\/v2\/comments?post=3744"}],"version-history":[{"count":0,"href":"https:\/\/caf.org.uy\/caf\/wp-json\/wp\/v2\/posts\/3744\/revisions"}],"wp:featuredmedia":[{"embeddable":true,"href":"https:\/\/caf.org.uy\/caf\/wp-json\/wp\/v2\/media\/3745"}],"wp:attachment":[{"href":"https:\/\/caf.org.uy\/caf\/wp-json\/wp\/v2\/media?parent=3744"}],"wp:term":[{"taxonomy":"category","embeddable":true,"href":"https:\/\/caf.org.uy\/caf\/wp-json\/wp\/v2\/categories?post=3744"},{"taxonomy":"post_tag","embeddable":true,"href":"https:\/\/caf.org.uy\/caf\/wp-json\/wp\/v2\/tags?post=3744"}],"curies":[{"name":"wp","href":"https:\/\/api.w.org\/{rel}","templated":true}]}}