{"id":3518,"date":"2015-12-17T13:49:04","date_gmt":"2015-12-17T13:49:04","guid":{"rendered":"https:\/\/caf.org.uy\/caf\/?p=3518"},"modified":"2015-12-17T13:49:04","modified_gmt":"2015-12-17T13:49:04","slug":"uruguay-sede-de-iv-cumbre-cooperativa-de-las-americas","status":"publish","type":"post","link":"https:\/\/caf.org.uy\/caf\/uruguay-sede-de-iv-cumbre-cooperativa-de-las-americas\/","title":{"rendered":"Uruguay sede de IV Cumbre Cooperativa de las Am\u00e9ricas"},"content":{"rendered":"<p>Uruguay ser\u00e1 sede de la IV Cumbre de Cooperativas de las Am\u00e9ricas, entre el 14 y 18 de noviembre de 2016. El anuncio oficial tuvo lugar en la sede del Ministerio de Trabajo y Seguridad Social, en Montevideo, con la presencia del Ministro Ernesto Murro y autoridades de CUDECOOP, INACOOP y Cooperativas de las Am\u00e9ricas.<\/p>\n<p>Se prev\u00e9 que m\u00e1s de 800 personas, provenientes de unos 50 pa\u00edses de las Am\u00e9ricas y del resto del mundo, participar\u00e1n en el encuentro al que Gustavo Bernini, Presidente de INACOOP, calific\u00f3 como \u201cuno de los acontecimientos internacionales m\u00e1s importantes que se llevar\u00e1n a cabo en Uruguay durante el pr\u00f3ximo a\u00f1o\u201d.<\/p>\n<p>La designaci\u00f3n de Uruguay como sede la Cumbre, fue adoptada por el Consejo de Administraci\u00f3n Regional de Cooperativas de las Am\u00e9ricas, en Santa Cruz de la Sierra, Bolivia, a comienzos de este mes de diciembre.<\/p>\n<p>Fuente: INACOOP<\/p>\n","protected":false},"excerpt":{"rendered":"<p>Uruguay ser\u00e1 sede de la IV Cumbre de Cooperativas de las Am\u00e9ricas, entre el 14 y 18 de noviembre de 2016. El anuncio oficial tuvo lugar en la sede del &hellip; <a class=\"readmore\" href=\"https:\/\/caf.org.uy\/caf\/uruguay-sede-de-iv-cumbre-cooperativa-de-las-americas\/\">Seguir leyendo &rarr;<\/a><\/p>\n","protected":false},"author":5,"featured_media":3519,"comment_status":"open","ping_status":"closed","sticky":false,"template":"","format":"standard","meta":{"csbAdvScrollBarCursor":"","footnotes":""},"categories":[22,2,42],"tags":[],"class_list":["post-3518","post","type-post","status-publish","format-standard","has-post-thumbnail","hentry","category-cooperativismo","category-noticias","category-portada"],"_links":{"self":[{"href":"https:\/\/caf.org.uy\/caf\/wp-json\/wp\/v2\/posts\/3518","targetHints":{"allow":["GET"]}}],"collection":[{"href":"https:\/\/caf.org.uy\/caf\/wp-json\/wp\/v2\/posts"}],"about":[{"href":"https:\/\/caf.org.uy\/caf\/wp-json\/wp\/v2\/types\/post"}],"author":[{"embeddable":true,"href":"https:\/\/caf.org.uy\/caf\/wp-json\/wp\/v2\/users\/5"}],"replies":[{"embeddable":true,"href":"https:\/\/caf.org.uy\/caf\/wp-json\/wp\/v2\/comments?post=3518"}],"version-history":[{"count":1,"href":"https:\/\/caf.org.uy\/caf\/wp-json\/wp\/v2\/posts\/3518\/revisions"}],"predecessor-version":[{"id":3520,"href":"https:\/\/caf.org.uy\/caf\/wp-json\/wp\/v2\/posts\/3518\/revisions\/3520"}],"wp:featuredmedia":[{"embeddable":true,"href":"https:\/\/caf.org.uy\/caf\/wp-json\/wp\/v2\/media\/3519"}],"wp:attachment":[{"href":"https:\/\/caf.org.uy\/caf\/wp-json\/wp\/v2\/media?parent=3518"}],"wp:term":[{"taxonomy":"category","embeddable":true,"href":"https:\/\/caf.org.uy\/caf\/wp-json\/wp\/v2\/categories?post=3518"},{"taxonomy":"post_tag","embeddable":true,"href":"https:\/\/caf.org.uy\/caf\/wp-json\/wp\/v2\/tags?post=3518"}],"curies":[{"name":"wp","href":"https:\/\/api.w.org\/{rel}","templated":true}]}}