{"id":3174,"date":"2007-10-01T15:42:25","date_gmt":"2007-10-01T15:42:25","guid":{"rendered":"http:\/\/www.caf.org.uy\/site\/?p=3174"},"modified":"2007-10-01T15:42:25","modified_gmt":"2007-10-01T15:42:25","slug":"comunicado-del-instituto-nacional-de-semillas-a-la-opinion-publica","status":"publish","type":"post","link":"https:\/\/caf.org.uy\/caf\/comunicado-del-instituto-nacional-de-semillas-a-la-opinion-publica\/","title":{"rendered":"Comunicado del Instituto Nacional de Semillas a la opini\u00f3n p\u00fablica:"},"content":{"rendered":"<p class=\"spip\">Debido a los altos valores de los granos de la agricultura de secano en el mercado internacional, las expectativas de siembra de cultivos de verano para la presente zafra mantienen la tendencia de los \u00faltimos a\u00f1os de incremento del \u00e1rea en todas las especies. Esto se observa no solo a nivel nacional sino tambi\u00e9n regional.<\/p>\n<p class=\"spip\">El aumento del \u00e1rea de siembra ha provocado una demanda incrementada de semillas. Esto, combinado con condiciones clim\u00e1ticas desfavorables para la producci\u00f3n de semilla en el oto\u00f1o pasado, da como resultado dificultades en el cumplimiento de \u00e9sta demanda con semilla de calidad para esta zafra.<\/p>\n<p class=\"spip\">INASE realiz\u00f3 un an\u00e1lisis de la oferta de semilla, consult\u00f3 a importadores, productores nacionales, gremiales relacionados a la actividad semillerista y analiz\u00f3 las declaraciones juradas de movimiento de semillas. En base a este an\u00e1lisis resolvi\u00f3 proponer -en car\u00e1cter de excepci\u00f3n- una disminuci\u00f3n en el par\u00e1metro de germinaci\u00f3n para sorgo forrajero a efectos de mitigar la falta de semilla en el mercado.<\/p>\n<p class=\"spip\">Sin embargo, de este mismo an\u00e1lisis no surge informaci\u00f3n concluyente de una potencial falta de semillas para otros cultivos de verano. Esto se explica en parte por la gran dependencia de las importaciones de semilla desde Argentina. Por otra parte hay lotes de semilla de uso propio con problemas de calidad asociados a las condiciones clim\u00e1ticas durante el fin de la zafra pasada.<\/p>\n<p class=\"spip\">INASE aconseja a todos los productores agr\u00edcolas, especialmente a los que hacen uso propio de semilla, que mantengan actualizados los an\u00e1lisis de germinaci\u00f3n y vigor de su semilla ya que se ha comprobado la existencia de lotes con problemas en estos par\u00e1metros.<\/p>\n<p class=\"spip\">Aprovechamos \u00e9sta oportunidad para recordarles que buena parte del \u00e9xito de un cultivo se determina al momento de su instalaci\u00f3n y la siembra de semilla de buena calidad es clave para esta etapa inicial.<\/p>\n<p class=\"spip\">Atentamente,<\/p>\n<p class=\"spip\">JUNTA DIRECTIVA DE INASE<\/p>\n<hr class=\"spip\" \/>\n<p class=\"spip\">NO DEJE DE CONTACTARNOS ANTE CUALQUIER DUDA O SUGERENCIA<\/p>\n<hr class=\"spip\" \/>\n<p class=\"spip\">SEDE CENTRAL: Cno. Bertolotti s\/n y R-8 km 29 Pando \u2013 Canelones. TEL.: (598 2) 288 7099 * FAX: (589 2) 288 7077- inase@inase.org.uy<\/p>\n<p class=\"spip\">REGIONAL LITORAL SUR Rinc\u00f3n 1759 &#8211; Tarariras \u2013 Colonia &#8211; TelFax: 0574 2668 Contacto: Ing. Agr. Alicia Porto. Cel: 099 574001;e-mail: aporto @ inase.org.uy<\/p>\n<p class=\"spip\">REGIONAL LITORAL NORTE Rivera 1266 &#8211; Fray Bentos \u2013 R\u00edo Negro &#8211; TelFax: 0562 7607 Contacto: Tec. Agr. Luis Demasi. Cel: 099 562014; e-mail: ldemas i@inase.org.uy<\/p>\n<p class=\"spip\">REGIONAL NORTE Gral. Flores 390 \u2013Tacuaremb\u00f3 &#8211; TelFax 0632 5180 Contacto: Ing. Agr. Luis Am\u00e9ndola. Cel: 099 236516; e-mail: lamendola @ inase.org .uy<\/p>\n<p class=\"spip\">REGIONAL ESTE Rinc\u00f3n 203 -Treinta y Tres &#8211; TelFax: 0452 8991 \u2013 099 389696 contacto: Ing. Daniel Muzio. Cel: 099 850169; e-mail: dmuzio@inase.org.uy<\/p>\n<p class=\"spip\">WWW.INASE.ORG.UY<\/p>\n","protected":false},"excerpt":{"rendered":"<p>Debido a los altos valores de los granos de la agricultura de secano en el mercado internacional, las expectativas de siembra de cultivos de verano para la presente zafra mantienen &hellip; <a class=\"readmore\" href=\"https:\/\/caf.org.uy\/caf\/comunicado-del-instituto-nacional-de-semillas-a-la-opinion-publica\/\">Seguir leyendo &rarr;<\/a><\/p>\n","protected":false},"author":1,"featured_media":0,"comment_status":"open","ping_status":"closed","sticky":false,"template":"","format":"standard","meta":{"csbAdvScrollBarCursor":"","footnotes":""},"categories":[31,44],"tags":[],"class_list":["post-3174","post","type-post","status-publish","format-standard","hentry","category-documentos","category-documentos-de-interes-general"],"_links":{"self":[{"href":"https:\/\/caf.org.uy\/caf\/wp-json\/wp\/v2\/posts\/3174","targetHints":{"allow":["GET"]}}],"collection":[{"href":"https:\/\/caf.org.uy\/caf\/wp-json\/wp\/v2\/posts"}],"about":[{"href":"https:\/\/caf.org.uy\/caf\/wp-json\/wp\/v2\/types\/post"}],"author":[{"embeddable":true,"href":"https:\/\/caf.org.uy\/caf\/wp-json\/wp\/v2\/users\/1"}],"replies":[{"embeddable":true,"href":"https:\/\/caf.org.uy\/caf\/wp-json\/wp\/v2\/comments?post=3174"}],"version-history":[{"count":0,"href":"https:\/\/caf.org.uy\/caf\/wp-json\/wp\/v2\/posts\/3174\/revisions"}],"wp:attachment":[{"href":"https:\/\/caf.org.uy\/caf\/wp-json\/wp\/v2\/media?parent=3174"}],"wp:term":[{"taxonomy":"category","embeddable":true,"href":"https:\/\/caf.org.uy\/caf\/wp-json\/wp\/v2\/categories?post=3174"},{"taxonomy":"post_tag","embeddable":true,"href":"https:\/\/caf.org.uy\/caf\/wp-json\/wp\/v2\/tags?post=3174"}],"curies":[{"name":"wp","href":"https:\/\/api.w.org\/{rel}","templated":true}]}}