{"id":3119,"date":"2008-10-07T14:43:16","date_gmt":"2008-10-07T14:43:16","guid":{"rendered":"http:\/\/www.caf.org.uy\/site\/?p=3119"},"modified":"2008-10-07T14:43:16","modified_gmt":"2008-10-07T14:43:16","slug":"mensaje-a-los-lideres-del-mundo-con-motivo-del-dia-mundial-de-la-alimentacion-2007-2","status":"publish","type":"post","link":"https:\/\/caf.org.uy\/caf\/mensaje-a-los-lideres-del-mundo-con-motivo-del-dia-mundial-de-la-alimentacion-2007-2\/","title":{"rendered":"Mensaje a los l\u00edderes del mundo con motivo del D\u00eda Mundial de la Alimentaci\u00f3n 2007"},"content":{"rendered":"<p class=\"spip\">Jack Wilkinson, Presidente de la FIPA<\/p>\n<p class=\"spip\"><strong class=\"spip\">\u00a1Los agricultores est\u00e1n dispuestos a afrontar el desaf\u00edo!<\/strong><\/p>\n<p class=\"spip\">El \u201cderecho a la alimentaci\u00f3n\u201d, elegido como lema del D\u00eda Mundial de la Alimentaci\u00f3n 2007, es a todas luces, un derecho universal. Y alimento, significa agricultura. Los gobiernos deber\u00edan conceder a la agricultura la prioridad que merece para respetar el derecho a la alimentaci\u00f3n de los m\u00e1s de 6.000 millones de personas que habitan el mundo y que, probablemente, ser\u00e1n 9.000 millones en el a\u00f1o 2050.<\/p>\n<p class=\"spip\">Se trata de un desaf\u00edo que los agricultores de todo el mundo est\u00e1n dispuestos a afrontar. Sin embargo, los gobiernos tienen que comprometerse a ofrecer un entorno econ\u00f3mico estable y favorable y un marco de pol\u00edtica agropecuaria en la que los agricultores cuenten con la justa oportunidad de ganar ingresos razonables para sostener a sus familias.<\/p>\n<p class=\"spip\">Todas y cada una de las personas del mundo deben tener acceso, en todo momento, a alimentos suficientes, nutricionalmente adecuados y aceptables dentro de su cultura, para satisfacer sus necesidades, sea produci\u00e9ndolos por s\u00ed mismos o disponiendo de medios suficientes para adquirirlos.<\/p>\n<p class=\"spip\">Para garantizar el derecho a la alimentaci\u00f3n, la FIPA insta a los gobiernos nacionales a que adopten las siguientes medidas:<\/p>\n<ul class=\"spip\">\n<li class=\"spip\">Brindar a los agricultores acceso seguro y a largo plazo a los recursos naturales, econ\u00f3micos y productivos.<\/li>\n<\/ul>\n<ul class=\"spip\">\n<li class=\"spip\">Instaurar la legislaci\u00f3n o los marcos profesionales adecuados que garanticen la participaci\u00f3n equitativa de los agricultores en la cadena alimentaria, asegurando una mejor comercializaci\u00f3n de sus productos alimentarios y precios de venta remunerativos.<\/li>\n<\/ul>\n<ul class=\"spip\">\n<li class=\"spip\">Fomentar un desarrollo equilibrado de las comunidades rurales que permita a las familias agricultoras el acceso a servicios b\u00e1sicos equivalentes a los prestados en los centros urbanos (carreteras, escuelas, servicios, peque\u00f1as empresas, infraestructura administrativa b\u00e1sica).<\/li>\n<\/ul>\n<ul class=\"spip\">\n<li class=\"spip\">Garantizar una fijaci\u00f3n adecuada del precio de los alimentos que permita a los agricultores el desempe\u00f1o de sus actividades profesionales y la realizaci\u00f3n de las inversiones de desarrollo necesarias para respaldar la sostenibilidad.<\/li>\n<\/ul>\n<p class=\"spip\">La lucha contra el hambre y la pobreza deber\u00eda constituir el objetivo fundamental de todas las naciones para garantizar el derecho a la alimentaci\u00f3n de sus pueblos. \u00a1Ha llegado la hora de pasar a la acci\u00f3n!<\/p>\n","protected":false},"excerpt":{"rendered":"<p>Jack Wilkinson, Presidente de la FIPA \u00a1Los agricultores est\u00e1n dispuestos a afrontar el desaf\u00edo! El \u201cderecho a la alimentaci\u00f3n\u201d, elegido como lema del D\u00eda Mundial de la Alimentaci\u00f3n 2007, es &hellip; <a class=\"readmore\" href=\"https:\/\/caf.org.uy\/caf\/mensaje-a-los-lideres-del-mundo-con-motivo-del-dia-mundial-de-la-alimentacion-2007-2\/\">Seguir leyendo &rarr;<\/a><\/p>\n","protected":false},"author":1,"featured_media":0,"comment_status":"open","ping_status":"closed","sticky":false,"template":"","format":"standard","meta":{"csbAdvScrollBarCursor":"","footnotes":""},"categories":[31,44],"tags":[],"class_list":["post-3119","post","type-post","status-publish","format-standard","hentry","category-documentos","category-documentos-de-interes-general"],"_links":{"self":[{"href":"https:\/\/caf.org.uy\/caf\/wp-json\/wp\/v2\/posts\/3119","targetHints":{"allow":["GET"]}}],"collection":[{"href":"https:\/\/caf.org.uy\/caf\/wp-json\/wp\/v2\/posts"}],"about":[{"href":"https:\/\/caf.org.uy\/caf\/wp-json\/wp\/v2\/types\/post"}],"author":[{"embeddable":true,"href":"https:\/\/caf.org.uy\/caf\/wp-json\/wp\/v2\/users\/1"}],"replies":[{"embeddable":true,"href":"https:\/\/caf.org.uy\/caf\/wp-json\/wp\/v2\/comments?post=3119"}],"version-history":[{"count":0,"href":"https:\/\/caf.org.uy\/caf\/wp-json\/wp\/v2\/posts\/3119\/revisions"}],"wp:attachment":[{"href":"https:\/\/caf.org.uy\/caf\/wp-json\/wp\/v2\/media?parent=3119"}],"wp:term":[{"taxonomy":"category","embeddable":true,"href":"https:\/\/caf.org.uy\/caf\/wp-json\/wp\/v2\/categories?post=3119"},{"taxonomy":"post_tag","embeddable":true,"href":"https:\/\/caf.org.uy\/caf\/wp-json\/wp\/v2\/tags?post=3119"}],"curies":[{"name":"wp","href":"https:\/\/api.w.org\/{rel}","templated":true}]}}