{"id":2272,"date":"2014-09-03T13:25:56","date_gmt":"2014-09-03T13:25:56","guid":{"rendered":"http:\/\/www.caf.org.uy\/site\/?p=2272"},"modified":"2014-09-03T13:25:56","modified_gmt":"2014-09-03T13:25:56","slug":"el-pais-caf-entrego-propuestas-a-los-cuatro-presidenciables","status":"publish","type":"post","link":"https:\/\/caf.org.uy\/caf\/el-pais-caf-entrego-propuestas-a-los-cuatro-presidenciables\/","title":{"rendered":"EL PAIS: CAF entreg\u00f3 propuestas a los cuatro presidenciables"},"content":{"rendered":"<p class=\"spip\">Al igual que lo hicieron en 2004, Cooperativas Agrarias Federadas entreg\u00f3 ayer a los presidenciables un documento con \u00abpropuestas program\u00e1ticas: reflexiones y aportes para la discusi\u00f3n\u00bb. La entrega se hizo en el marco del Segundo Foro.<\/p>\n<p class=\"spip\">PABLO ANT\u00daNEZmi\u00e9 sep 3 2014 El cooperativismo agrario quiere continuar teniendo parte del protagonismo del desarrollo del pa\u00eds y realiz\u00f3 nuevas propuestas program\u00e1ticas a los presidenciables a trav\u00e9s de un documento, donde no s\u00f3lo se hacen algunas reflexiones, sino tambi\u00e9n aportes para una discusi\u00f3n que permita mantener los logros pa\u00eds a futuro.<\/p>\n<p class=\"spip\">Cooperativas Agrarias Federadas (CAF) agrupa a 13.000 productores de todo el pa\u00eds que producen 30% del trigo, 20% de la soja y m\u00e1s del 70% de la lana, entre otros rubros, donde tambi\u00e9n se destaca la lecher\u00eda con 3.000 productores que est\u00e1n dentro del sistema cooperativo.<\/p>\n<p class=\"spip\">Ayer se desarroll\u00f3 el 2\u00b0 Foro Cooperativo Agropecuario, en el marco de los 30 a\u00f1os de la gremial, donde se cont\u00f3 en la apertura con la presencia del vicepresidente de la Rep\u00fablica, Danilo Astori y entre los panelistas se destac\u00f3 el director nacional del Instituto de Desarrollo Agropecuario de Chile (Indap), Octavio Sotomayor y el exministro de Ganader\u00eda, Agricultura y Pesca, \u00c1lvaro Ramos, hoy coordinador del Programa Regional FIDA Mercosur.<\/p>\n<p class=\"spip\">Documento. En cuanto al documento que se le entreg\u00f3 a los candidatos a presidente de los cuatro partidos pol\u00edticos con representaci\u00f3n parlamentaria, el presidente de CAF, Juan Daniel Vago, record\u00f3 que el elaborado en 2004 \u00abfue bastante exitoso y hasta hoy sigue siendo consultado por nosotros y por el resto de la sociedad. Diez a\u00f1os despu\u00e9s, decidimos reeditar la metodolog\u00eda de trabajo, con talleres, con discusi\u00f3n, con aporte de los dirigentes cooperativos de todas las cadenas\u00bb, destac\u00f3.<\/p>\n<p class=\"spip\">El trabajo llev\u00f3 seis meses de discusiones y mejoras hasta llegar a un consenso. El trabajo abarca siete cap\u00edtulos que son: El nuevo escenario internacional en materia de agricultura; \u00bfC\u00f3mo se inserta Uruguay en el comercio Mundial de alimentos y cu\u00e1les son los desaf\u00edos?; Los cambios en la funci\u00f3n de producci\u00f3n: El precio de los factores y los niveles de productividad; El rol de las pol\u00edticas p\u00fablicas; Algunos temas de desarrollo institucional que interesan particularmente y finalmente, Las pol\u00edticas de Estado y el sector agropecuario nacional.<\/p>\n<p class=\"spip\">CAF destac\u00f3 entre los aspectos positivos de la evoluci\u00f3n de la \u00faltima d\u00e9cada, la creciente especializaci\u00f3n internacional agropecuaria\/agroindustrial, porque las exportaciones de estos sectores representan hoy el 75% del total.<\/p>\n<p class=\"spip\">Potencial. Astori destac\u00f3 los grandes avances que tuvo Uruguay en la producci\u00f3n y comercializaci\u00f3n de alimentos. \u00abLa competitividad de la producci\u00f3n es un tema fundamental que tiene planteado hoy el pa\u00eds y no s\u00f3lo en el agro, pero s\u00ed especialmente en este sector, que se ha transformado mucho en los \u00faltimos tiempos\u00bb, dijo.<\/p>\n<p class=\"spip\">Agreg\u00f3 que \u00abhace tiempo que hemos aprendido que aquel enfoque tradicional de las ventajas comparativas cong\u00e9nitas est\u00e1 superado por la vigencia de pol\u00edticas p\u00fablicas que tienden a construir ventajas competitivas din\u00e1micas\u00bb. Y es m\u00e1s, asegur\u00f3 que \u00abcompetir no es vender m\u00e1s barato que aquellos que est\u00e1n junto a nosotros en el mercado. Competir es profundizar los fundamentos de excelencia y de calidad que, permiten que se alcancen niveles mayores de productividad\u00bb.<\/p>\n","protected":false},"excerpt":{"rendered":"<p>Al igual que lo hicieron en 2004, Cooperativas Agrarias Federadas entreg\u00f3 ayer a los presidenciables un documento con \u00abpropuestas program\u00e1ticas: reflexiones y aportes para la discusi\u00f3n\u00bb. La entrega se hizo &hellip; <a class=\"readmore\" href=\"https:\/\/caf.org.uy\/caf\/el-pais-caf-entrego-propuestas-a-los-cuatro-presidenciables\/\">Seguir leyendo &rarr;<\/a><\/p>\n","protected":false},"author":1,"featured_media":0,"comment_status":"open","ping_status":"closed","sticky":false,"template":"","format":"standard","meta":{"csbAdvScrollBarCursor":"","footnotes":""},"categories":[25],"tags":[],"class_list":["post-2272","post","type-post","status-publish","format-standard","hentry","category-prensa"],"_links":{"self":[{"href":"https:\/\/caf.org.uy\/caf\/wp-json\/wp\/v2\/posts\/2272","targetHints":{"allow":["GET"]}}],"collection":[{"href":"https:\/\/caf.org.uy\/caf\/wp-json\/wp\/v2\/posts"}],"about":[{"href":"https:\/\/caf.org.uy\/caf\/wp-json\/wp\/v2\/types\/post"}],"author":[{"embeddable":true,"href":"https:\/\/caf.org.uy\/caf\/wp-json\/wp\/v2\/users\/1"}],"replies":[{"embeddable":true,"href":"https:\/\/caf.org.uy\/caf\/wp-json\/wp\/v2\/comments?post=2272"}],"version-history":[{"count":0,"href":"https:\/\/caf.org.uy\/caf\/wp-json\/wp\/v2\/posts\/2272\/revisions"}],"wp:attachment":[{"href":"https:\/\/caf.org.uy\/caf\/wp-json\/wp\/v2\/media?parent=2272"}],"wp:term":[{"taxonomy":"category","embeddable":true,"href":"https:\/\/caf.org.uy\/caf\/wp-json\/wp\/v2\/categories?post=2272"},{"taxonomy":"post_tag","embeddable":true,"href":"https:\/\/caf.org.uy\/caf\/wp-json\/wp\/v2\/tags?post=2272"}],"curies":[{"name":"wp","href":"https:\/\/api.w.org\/{rel}","templated":true}]}}