{"id":2270,"date":"2014-09-04T13:24:06","date_gmt":"2014-09-04T13:24:06","guid":{"rendered":"http:\/\/www.caf.org.uy\/site\/?p=2270"},"modified":"2014-09-04T13:24:06","modified_gmt":"2014-09-04T13:24:06","slug":"el-observador-caf-reitero-necesidad-de-crear-un-fideicomiso-para-camineria","status":"publish","type":"post","link":"https:\/\/caf.org.uy\/caf\/el-observador-caf-reitero-necesidad-de-crear-un-fideicomiso-para-camineria\/","title":{"rendered":"EL OBSERVADOR: CAF reiter\u00f3 necesidad de crear un fideicomiso para caminer\u00eda"},"content":{"rendered":"<p class=\"spip\">Las cooperativas agrarias reclaman que sea cogestionado por involucrados<\/p>\n<p class=\"spip\">+ Pedro Silva @pedro_silva54<\/p>\n<p class=\"spip\">El presidente de CAF, Juan Daniel Vago, condujo el foro cooperativo Cooperativas Agrarias Federadas (CAF) reiter\u00f3 el martes la necesidad de crear un fideicomiso para obras de caminer\u00eda, que incluya todos los aportes que se recaudan con ese fin, como la Contribuci\u00f3n Inmobiliaria y tributos nuevos.En un tramo del 2\u00b0 Foro Cooperativo Agropecuario, que se realiz\u00f3 en el Edificio Mercosur, la vicepresidenta de CAF, Virginia San Mart\u00edn, agreg\u00f3 que el fideicomiso debe ser \u201ccogestionado por los involucrados\u201d y mencion\u00f3 al gobierno, los productores y los transportistas.La vicepresidenta de CAF maneja que se necesitan US$ 1.300 millones de inversi\u00f3n vial en el pa\u00eds y US$ 450 millones por a\u00f1o para el mantenimiento, aunque aclar\u00f3 que hay que hacer un relevamiento de informaci\u00f3n para un diagn\u00f3stico antes de ejecutar las obras.<\/p>\n<p class=\"spip\">San Mart\u00edn enumer\u00f3 en una breve alocuci\u00f3n otros planteos de CAF, que luego entreg\u00f3 sus propuestas program\u00e1ticas a representantes de los partidos pol\u00edticos.En las cooperativas agrarias hay preocupaci\u00f3n por \u201clas dificultades que existen\u201d para acceder al financiamiento para \u201cproyectos de largo plazo\u201d y criticaron la imposibilidad de acceder a los recursos del Fondo de Desarrollo (Fondes).En relaci\u00f3n a los eventos transg\u00e9nicos, la vicepresidenta de CAF lanz\u00f3 un alerta por \u201cel desfasaje\u201d que existe en Uruguay respecto de Argentina y Brasil, que \u201cpuede desestimular y poner a los productores en desventaja competitiva\u201d.San Mart\u00edn plante\u00f3 tambi\u00e9n \u201cla inconveniencia de los impuestos sobre la tierra\u201d porque \u201cafecta su precio y la productividad\u201d y, en cambio, dijo que CAF \u201capoya los tributos sobre la renta\u201d.<\/p>\n<p class=\"spip\">Respecto a las pol\u00edticas sectoriales, CAF pidi\u00f3 \u00abdotar a la institucionalidad de mecanismos m\u00e1s \u00e1giles\u00bb, y puso como ejemplo dificultades para acceder a las ayudas por la granizada en frutales ocurrida en 2013. Y tambi\u00e9n mostr\u00f3 su preocupaci\u00f3n por las dificultades que existen, m\u00e1s all\u00e1 de la educaci\u00f3n, \u201cpara preparar gente para trabajar\u201d en el campo.<\/p>\n<p class=\"spip\">Familia<\/p>\n<p class=\"spip\">CAF pidi\u00f3 a los candidatos presidenciales incluir a los productores familiares en las pol\u00edticas de desarrollo para que se integren a las cadenas de valor y as\u00ed se queden en el campo.<\/p>\n","protected":false},"excerpt":{"rendered":"<p>Las cooperativas agrarias reclaman que sea cogestionado por involucrados + Pedro Silva @pedro_silva54 El presidente de CAF, Juan Daniel Vago, condujo el foro cooperativo Cooperativas Agrarias Federadas (CAF) reiter\u00f3 el &hellip; <a class=\"readmore\" href=\"https:\/\/caf.org.uy\/caf\/el-observador-caf-reitero-necesidad-de-crear-un-fideicomiso-para-camineria\/\">Seguir leyendo &rarr;<\/a><\/p>\n","protected":false},"author":1,"featured_media":0,"comment_status":"open","ping_status":"closed","sticky":false,"template":"","format":"standard","meta":{"csbAdvScrollBarCursor":"","footnotes":""},"categories":[25],"tags":[],"class_list":["post-2270","post","type-post","status-publish","format-standard","hentry","category-prensa"],"_links":{"self":[{"href":"https:\/\/caf.org.uy\/caf\/wp-json\/wp\/v2\/posts\/2270","targetHints":{"allow":["GET"]}}],"collection":[{"href":"https:\/\/caf.org.uy\/caf\/wp-json\/wp\/v2\/posts"}],"about":[{"href":"https:\/\/caf.org.uy\/caf\/wp-json\/wp\/v2\/types\/post"}],"author":[{"embeddable":true,"href":"https:\/\/caf.org.uy\/caf\/wp-json\/wp\/v2\/users\/1"}],"replies":[{"embeddable":true,"href":"https:\/\/caf.org.uy\/caf\/wp-json\/wp\/v2\/comments?post=2270"}],"version-history":[{"count":0,"href":"https:\/\/caf.org.uy\/caf\/wp-json\/wp\/v2\/posts\/2270\/revisions"}],"wp:attachment":[{"href":"https:\/\/caf.org.uy\/caf\/wp-json\/wp\/v2\/media?parent=2270"}],"wp:term":[{"taxonomy":"category","embeddable":true,"href":"https:\/\/caf.org.uy\/caf\/wp-json\/wp\/v2\/categories?post=2270"},{"taxonomy":"post_tag","embeddable":true,"href":"https:\/\/caf.org.uy\/caf\/wp-json\/wp\/v2\/tags?post=2270"}],"curies":[{"name":"wp","href":"https:\/\/api.w.org\/{rel}","templated":true}]}}