{"id":2268,"date":"2014-09-11T13:21:24","date_gmt":"2014-09-11T13:21:24","guid":{"rendered":"http:\/\/www.caf.org.uy\/site\/?p=2268"},"modified":"2014-09-11T13:21:24","modified_gmt":"2014-09-11T13:21:24","slug":"busqueda-productores-del-agro-deciden-voto-preocupados-por-competitividad-inseguridad-educacion-e-infraestructura","status":"publish","type":"post","link":"https:\/\/caf.org.uy\/caf\/busqueda-productores-del-agro-deciden-voto-preocupados-por-competitividad-inseguridad-educacion-e-infraestructura\/","title":{"rendered":"B\u00daSQUEDA: Productores del agro deciden voto preocupados por competitividad, inseguridad, educaci\u00f3n e infraestructura"},"content":{"rendered":"<div id=\"General\">\n<div id=\"Contenidos\">\n<div class=\"Colnota\">\n<div class=\"texto\">\u00bfQue el candidato presidencial del Frente Amplio (FA), Tabar\u00e9 V\u00e1zquez, haya confirmado que, en caso de ganar las elecciones en octubre, los productores agropecuarios deber\u00e1n pagar el Impuesto de Primaria puede ser decisivo en el voto de los ruralistas?. \u00bfO tendr\u00e1n en cuenta otras medidas vinculadas al agro y a la econom\u00eda uruguaya? \u00abEl productor rural acostumbra votar al partido pol\u00edtico que siempre sigui\u00f3 y es dif\u00edcil que eso cambie\u00bb, respondi\u00f3 a Campo un dirigente de la Asociaci\u00f3n Rural (ARU), consultado sobre ese tema. En el \u00faltimo tramo de la campa\u00f1a electoral, los candidatos de los distintos sectores pol\u00edticos intentan convencer a los votantes y la Expo Prado, que congrega a los principales actores de la agropecuaria local y a miles de visitantes, es un escenario propicio para lograr ese objetivo. En ese marco, ma\u00f1ana (viernes 12), en el galp\u00f3n de eventos y ventas del predio de exposiciones de la Rural, las gremiales empresariales (C\u00e1mara Mercantil, Federaci\u00f3n Rural, C\u00e1mara de Industrias, C\u00e1mara de Comercio y Servicios y la ARU) plantear\u00e1n una serie de preguntas a los cuatro candidatos presidenciales \u2014Pedro Bordaberry (Partido Colorado), Luis Lacalle Pou (Partido Nacional), Pablo Mieres (Partido Independiente) y V\u00e1zquez (FA)\u2014, que deber\u00e1n responder en ese orden alfab\u00e9tico. Durante los \u00faltimos d\u00edas varias asociaciones rurales transmitieron a los candidatos sus propuestas para el pr\u00f3ximo gobierno que asumir\u00e1 en marzo de 2015. Los principales temas de preocupaci\u00f3n de las gremiales del agro pasan por la pol\u00edtica tributaria, la p\u00e9rdida de competitividad, la educaci\u00f3n, la seguridad, la legislaci\u00f3n laboral rural, la competitividad empresarial y la infraestructura. El martes 2, V\u00e1zquez particip\u00f3 por primera vez de un encuentro con el Consejo Directivo de la Federaci\u00f3n Rural (FR), en la sede de esa gremial en la calle 18 de Julio. En una reuni\u00f3n de m\u00e1s de dos horas el candidato frenteamplista y ex presidente de la Rep\u00fablica reafirm\u00f3 la intenci\u00f3n de cobrar el Impuesto de Primaria. \u00abHemos hecho un c\u00e1lculo aproximado de que si se tuviera que pagar lo que se pagaba cuando se dej\u00f3 de pagar estar\u00eda en unos 25 millones de d\u00f3lares anuales, lo que representar\u00eda en este caso que los productores que tuvieran m\u00e1s de 200 hect\u00e1reas tendr\u00edan que pagar un d\u00f3lar con 20 centavos por hect\u00e1rea por a\u00f1o\u00bb, detall\u00f3 V\u00e1zquez a los ruralistas. Ese d\u00eda el titular de la FR, Carlos Mar\u00eda Uriarte, les plante\u00f3 a V\u00e1zquez y a sus asesores las principales preocupaciones de los productores, a los que el precandidato y sus asesores respondieron punto a punto, al tiempo que anunciaron la creaci\u00f3n de una polic\u00eda comunitaria rural para combatir el abigeato. En ese mismo encuentro, V\u00e1zquez anunci\u00f3 que no derogar\u00e1 ninguna de las leyes que la ARU y la FR cuestionan vinculadas al Impuesto al Patrimonio en el agro, la Responsabilidad Penal Empresarial, la Miner\u00eda de Gran Porte, la Inclusi\u00f3n Financiera y la Responsabilidad Laboral en el Proceso de Descentralizaci\u00f3n Empresarial. Tambi\u00e9n el martes 2, en el marco de un foro cooperativo, las Cooperativas Agrarias Federadas presentaron un documento con propuestas program\u00e1ticas a los representantes de los cuatro partidos pol\u00edticos con representaci\u00f3n parlamentaria. Entre los principales planteos de esa gremial, que nuclea a unas 24 cooperativas y unos 13.000 productores, figuran las pol\u00edticas antic\u00edclicas del Estado, el rechazo de mayores impuestos sobre la tierra, pol\u00edticas de incentivo a la innovaci\u00f3n, el uso responsable del suelo, la adaptaci\u00f3n al cambio clim\u00e1tico, el fomento del riego y la conformaci\u00f3n de un fideicomiso cofinanciado por el gobierno, las Intendencias y el sector privado para invertir en obras de infraestructura. En ese foro participaron Ra\u00fal Sendic, por el FA, Jorge Larra\u00f1aga, por el Partido Nacional, Fernando Mattos, por el Partido Colorado, y Pablo Mieres, por el Partido Independiente. Esos cuatro pol\u00edticos coincidieron en que uno de los problemas m\u00e1s importantes para el desarrollo agropecuario y econ\u00f3mico del pa\u00eds es la falta de mantenimiento y obras de infraestructura. \u00abEl que rompe ya paga; el problema es que el que recauda no arregla\u00bb, critic\u00f3 Larra\u00f1aga, en alusi\u00f3n a algunas propuestas del gobierno basadas en que el que rompe las rutas y caminos rurales deber\u00eda pagar para financiar las inversiones en ese sector.<\/div>\n<\/div>\n<div class=\"Colderecha\">\n<dl class=\"ubicacion\">\n<dt>EN LA PRENSA<\/dt>\n<\/dl>\n<div class=\"relacionadas\">\n<h2>\u00daltimas noticias<\/h2>\n<ul>\n<li><a href=\"http:\/\/www.caf.org.uy\/Nuestra-propuesta-para-enfrentar\">\u00abNuestra propuesta para enfrentar este escenario complicado es ir a la ataque\u00bb<\/a><\/li>\n<li><a href=\"http:\/\/www.caf.org.uy\/Evaluar-mitigar-asumir-y\">Evaluar, mitigar, asumir y transferir: estrategias de gesti\u00f3n de riesgo<\/a><\/li>\n<li><a href=\"http:\/\/www.caf.org.uy\/Logro-en-la-titularidad-en-el\">Logro en la titularidad en el Directorio de INACOOP<\/a><\/li>\n<\/ul>\n<\/div>\n<p>Ir a <a href=\"http:\/\/www.caf.org.uy\/-Noticias-\">Noticias<\/a><\/p>\n<div class=\"formulaire_recherche\"><a id=\"formulaire_recherche\" name=\"formulaire_recherche\"><\/a><\/p>\n<form action=\"http:\/\/www.caf.org.uy\/spip.php?page=recherche\" method=\"get\"><label for=\"recherche\">Buscador<\/label><input id=\"recherche\" class=\"forml\" name=\"recherche\" type=\"text\" \/> <input class=\"boton\" type=\"submit\" value=\"ok\" \/><\/form>\n<\/div>\n<\/div>\n<div class=\"clear\"><\/div>\n<\/div>\n<\/div>\n<p>&nbsp;<\/p>\n","protected":false},"excerpt":{"rendered":"<p>\u00bfQue el candidato presidencial del Frente Amplio (FA), Tabar\u00e9 V\u00e1zquez, haya confirmado que, en caso de ganar las elecciones en octubre, los productores agropecuarios deber\u00e1n pagar el Impuesto de Primaria &hellip; <a class=\"readmore\" href=\"https:\/\/caf.org.uy\/caf\/busqueda-productores-del-agro-deciden-voto-preocupados-por-competitividad-inseguridad-educacion-e-infraestructura\/\">Seguir leyendo &rarr;<\/a><\/p>\n","protected":false},"author":1,"featured_media":0,"comment_status":"open","ping_status":"closed","sticky":false,"template":"","format":"standard","meta":{"csbAdvScrollBarCursor":"","footnotes":""},"categories":[25],"tags":[],"class_list":["post-2268","post","type-post","status-publish","format-standard","hentry","category-prensa"],"_links":{"self":[{"href":"https:\/\/caf.org.uy\/caf\/wp-json\/wp\/v2\/posts\/2268","targetHints":{"allow":["GET"]}}],"collection":[{"href":"https:\/\/caf.org.uy\/caf\/wp-json\/wp\/v2\/posts"}],"about":[{"href":"https:\/\/caf.org.uy\/caf\/wp-json\/wp\/v2\/types\/post"}],"author":[{"embeddable":true,"href":"https:\/\/caf.org.uy\/caf\/wp-json\/wp\/v2\/users\/1"}],"replies":[{"embeddable":true,"href":"https:\/\/caf.org.uy\/caf\/wp-json\/wp\/v2\/comments?post=2268"}],"version-history":[{"count":0,"href":"https:\/\/caf.org.uy\/caf\/wp-json\/wp\/v2\/posts\/2268\/revisions"}],"wp:attachment":[{"href":"https:\/\/caf.org.uy\/caf\/wp-json\/wp\/v2\/media?parent=2268"}],"wp:term":[{"taxonomy":"category","embeddable":true,"href":"https:\/\/caf.org.uy\/caf\/wp-json\/wp\/v2\/categories?post=2268"},{"taxonomy":"post_tag","embeddable":true,"href":"https:\/\/caf.org.uy\/caf\/wp-json\/wp\/v2\/tags?post=2268"}],"curies":[{"name":"wp","href":"https:\/\/api.w.org\/{rel}","templated":true}]}}