{"id":2070,"date":"2008-10-08T12:40:01","date_gmt":"2008-10-08T12:40:01","guid":{"rendered":"http:\/\/www.caf.org.uy\/site\/?p=2070"},"modified":"2008-10-08T12:40:01","modified_gmt":"2008-10-08T12:40:01","slug":"nueva-agenda-de-la-ronda-de-doha-sumamente-deseable-simplemente-inviable-falconer","status":"publish","type":"post","link":"https:\/\/caf.org.uy\/caf\/nueva-agenda-de-la-ronda-de-doha-sumamente-deseable-simplemente-inviable-falconer\/","title":{"rendered":"Nueva agenda de la Ronda de Doha -sumamente deseable, simplemente inviable : Falconer"},"content":{"rendered":"<p>La FIPA tuvo a su cargo la organizaci\u00f3n de una de las sesiones del Foro P\u00fablico de la OMC, celebrada en Ginebra el 25 de septiembre \u00faltimo, la cual reuni\u00f3 a dirigentes de organizaciones nacionales de agricultores de todo el mundo, al presidente del Comit\u00e9 de Sesiones Especiales de Negociaci\u00f3n Agr\u00edcola de la OMC, Crawford Falconer, y a los embajadores de los pa\u00edses del G-4. El objetivo de la reuni\u00f3n fue evaluar si se deber\u00eda redactar un nuevo borrador de agenda de negociaciones de la OMC en vista de los nuevos desaf\u00edos que enfrentan los agricultores a nivel mundial, tales como las crisis alimentaria y energ\u00e9tica y la presi\u00f3n que ejerce el cambio clim\u00e1tico. Tales desaf\u00edos no hab\u00edan sido previstos cuando se fij\u00f3 la agenda de la Ronda de Doha en 2001&#8230;<\/p>\n<div class=\"texto\"><a class=\"spip_in\" href=\"http:\/\/www.caf.org.uy\/IMG\/pdf\/fipa_2.pdf\">Ver documento<\/a><\/div>\n<div id=\"documentos_adjuntos\">\n<hr \/>\n<h3>Documentos adjuntos<\/h3>\n<ul>\n<li class=\"texto\"><a title=\"Descargar archivo\" href=\"http:\/\/www.caf.org.uy\/IMG\/pdf\/fipa_2.pdf\"><strong>Documento<\/strong> (PDF &#8211; 99.7\u00a0KB)<\/a><\/li>\n<\/ul>\n<hr \/>\n<p>&nbsp;\n<\/p><\/div>\n","protected":false},"excerpt":{"rendered":"<p>La FIPA tuvo a su cargo la organizaci\u00f3n de una de las sesiones del Foro P\u00fablico de la OMC, celebrada en Ginebra el 25 de septiembre \u00faltimo, la cual reuni\u00f3 &hellip; <a class=\"readmore\" href=\"https:\/\/caf.org.uy\/caf\/nueva-agenda-de-la-ronda-de-doha-sumamente-deseable-simplemente-inviable-falconer\/\">Seguir leyendo &rarr;<\/a><\/p>\n","protected":false},"author":1,"featured_media":0,"comment_status":"open","ping_status":"closed","sticky":false,"template":"","format":"standard","meta":{"csbAdvScrollBarCursor":"","footnotes":""},"categories":[31,44],"tags":[],"class_list":["post-2070","post","type-post","status-publish","format-standard","hentry","category-documentos","category-documentos-de-interes-general"],"_links":{"self":[{"href":"https:\/\/caf.org.uy\/caf\/wp-json\/wp\/v2\/posts\/2070","targetHints":{"allow":["GET"]}}],"collection":[{"href":"https:\/\/caf.org.uy\/caf\/wp-json\/wp\/v2\/posts"}],"about":[{"href":"https:\/\/caf.org.uy\/caf\/wp-json\/wp\/v2\/types\/post"}],"author":[{"embeddable":true,"href":"https:\/\/caf.org.uy\/caf\/wp-json\/wp\/v2\/users\/1"}],"replies":[{"embeddable":true,"href":"https:\/\/caf.org.uy\/caf\/wp-json\/wp\/v2\/comments?post=2070"}],"version-history":[{"count":0,"href":"https:\/\/caf.org.uy\/caf\/wp-json\/wp\/v2\/posts\/2070\/revisions"}],"wp:attachment":[{"href":"https:\/\/caf.org.uy\/caf\/wp-json\/wp\/v2\/media?parent=2070"}],"wp:term":[{"taxonomy":"category","embeddable":true,"href":"https:\/\/caf.org.uy\/caf\/wp-json\/wp\/v2\/categories?post=2070"},{"taxonomy":"post_tag","embeddable":true,"href":"https:\/\/caf.org.uy\/caf\/wp-json\/wp\/v2\/tags?post=2070"}],"curies":[{"name":"wp","href":"https:\/\/api.w.org\/{rel}","templated":true}]}}