{"id":1946,"date":"2008-07-15T13:04:13","date_gmt":"2008-07-15T13:04:13","guid":{"rendered":"http:\/\/www.caf.org.uy\/site\/?p=1946"},"modified":"2008-07-15T13:04:13","modified_gmt":"2008-07-15T13:04:13","slug":"grupo-de-gremiales-agricultura-y-sustentabilidad-se-reunen-con-ministro-agazzi","status":"publish","type":"post","link":"https:\/\/caf.org.uy\/caf\/grupo-de-gremiales-agricultura-y-sustentabilidad-se-reunen-con-ministro-agazzi\/","title":{"rendered":"Grupo de gremiales Agricultura y Sustentabilidad se re\u00fanen con Ministro Agazzi"},"content":{"rendered":"<p class=\"spip\"><strong class=\"spip\">COMUNICADO DE PRENSA<\/strong> Grupo de Gremiales Agricultura y Sustentabilidad se re\u00fanen con el<\/p>\n<p class=\"spip\">Ministro de Ganader\u00eda, Agricultura y Pesca Ing. Agr. Ernesto Agazzi<\/p>\n<p class=\"spip\">El pr\u00f3ximo martes 15 de julio el Ministro de Ganader\u00eda, Agricultura y Pesca recibe en la Sala Schwedt al grupo de gremiales conformado por la Asociaci\u00f3n Rural del Uruguay, Asociaci\u00f3n Uruguaya de Siembra Directa, Cooperativas Agrarias Federadas, Comisi\u00f3n Nacional de Fomento Rural y Federaci\u00f3n Rural.<\/p>\n<p class=\"spip\">Dichas gremiales han conformado un grupo de entidades con el inter\u00e9s de trabajar por la sustentabilidad de la agricultura de secano, a partir de los importantes cambios que se observan en la misma en los \u00faltimos a\u00f1os. El grupo surge como iniciativa del sector productivo, a partir de un taller motivado por CAF en Las Ca\u00f1as, en Junio de 2007.<\/p>\n<p class=\"spip\">La reuni\u00f3n con el Ing. Agr. Ernesto Agazzi ser\u00e1 propicia para presentarle los planteos e inquietudes de las gremiales en el tema, con especial \u00e9nfasis en el intercambio sobre las acciones del Ministerio respecto a la Ley de Suelos.<\/p>\n<p class=\"spip\">De esta forma estamos convocando a los medios de prensa a la hora 17, del martes 15 de julio, en el Ministerio de Ganader\u00eda, Agricultura y Pesca (Constituyente 1476), a cubrir este encuentro relevante para el sector agropecuario.<\/p>\n<p class=\"spip\">Se agradece la m\u00e1s amplia difusi\u00f3n<\/p>\n<p class=\"spip\">Le saluda cordialmente,<\/p>\n<p class=\"spip\">Lic. Patricia C\u00e9spedes Comunicaci\u00f3n Institucional<\/p>\n<p class=\"spip\">Cooperativas Agrarias Federadas\u2013CAF R\u00edo Negro 1495 Ap. 201 \/ C.P. 11100 \/ Montevideo-Uruguay Tel. (598 2) 900 0012 \u2013 901 3339 \/ Fax. (598 2) 902 4929 Sitio Web: www.caf.org.uy &#8211; e-mail: comunicacion@caf.org.uy<\/p>\n","protected":false},"excerpt":{"rendered":"<p>COMUNICADO DE PRENSA Grupo de Gremiales Agricultura y Sustentabilidad se re\u00fanen con el Ministro de Ganader\u00eda, Agricultura y Pesca Ing. Agr. Ernesto Agazzi El pr\u00f3ximo martes 15 de julio el &hellip; <a class=\"readmore\" href=\"https:\/\/caf.org.uy\/caf\/grupo-de-gremiales-agricultura-y-sustentabilidad-se-reunen-con-ministro-agazzi\/\">Seguir leyendo &rarr;<\/a><\/p>\n","protected":false},"author":1,"featured_media":0,"comment_status":"open","ping_status":"closed","sticky":false,"template":"","format":"standard","meta":{"csbAdvScrollBarCursor":"","footnotes":""},"categories":[31,44],"tags":[],"class_list":["post-1946","post","type-post","status-publish","format-standard","hentry","category-documentos","category-documentos-de-interes-general"],"_links":{"self":[{"href":"https:\/\/caf.org.uy\/caf\/wp-json\/wp\/v2\/posts\/1946","targetHints":{"allow":["GET"]}}],"collection":[{"href":"https:\/\/caf.org.uy\/caf\/wp-json\/wp\/v2\/posts"}],"about":[{"href":"https:\/\/caf.org.uy\/caf\/wp-json\/wp\/v2\/types\/post"}],"author":[{"embeddable":true,"href":"https:\/\/caf.org.uy\/caf\/wp-json\/wp\/v2\/users\/1"}],"replies":[{"embeddable":true,"href":"https:\/\/caf.org.uy\/caf\/wp-json\/wp\/v2\/comments?post=1946"}],"version-history":[{"count":0,"href":"https:\/\/caf.org.uy\/caf\/wp-json\/wp\/v2\/posts\/1946\/revisions"}],"wp:attachment":[{"href":"https:\/\/caf.org.uy\/caf\/wp-json\/wp\/v2\/media?parent=1946"}],"wp:term":[{"taxonomy":"category","embeddable":true,"href":"https:\/\/caf.org.uy\/caf\/wp-json\/wp\/v2\/categories?post=1946"},{"taxonomy":"post_tag","embeddable":true,"href":"https:\/\/caf.org.uy\/caf\/wp-json\/wp\/v2\/tags?post=1946"}],"curies":[{"name":"wp","href":"https:\/\/api.w.org\/{rel}","templated":true}]}}