{"id":16892,"date":"2026-04-27T14:12:09","date_gmt":"2026-04-27T14:12:09","guid":{"rendered":"https:\/\/caf.org.uy\/caf\/?p=16892"},"modified":"2026-04-27T14:14:48","modified_gmt":"2026-04-27T14:14:48","slug":"realizamos-en-sarandi-del-yi-el-taller-ensenar-tambien-puede-ser-un-juego","status":"publish","type":"post","link":"https:\/\/caf.org.uy\/caf\/realizamos-en-sarandi-del-yi-el-taller-ensenar-tambien-puede-ser-un-juego\/","title":{"rendered":"Realizamos en Sarand\u00ed del Y\u00ed el taller \u201cEnse\u00f1ar tambi\u00e9n puede ser un juego\u201d"},"content":{"rendered":"\n<figure class=\"wp-block-image size-large\"><img fetchpriority=\"high\" decoding=\"async\" width=\"650\" height=\"366\" src=\"https:\/\/caf.org.uy\/caf\/wp-content\/uploads\/2026\/04\/tller_cooprtvito_elfogon_25042026-1-650x366.png\" alt=\"\" class=\"wp-image-16895\" srcset=\"https:\/\/caf.org.uy\/caf\/wp-content\/uploads\/2026\/04\/tller_cooprtvito_elfogon_25042026-1-650x366.png 650w, https:\/\/caf.org.uy\/caf\/wp-content\/uploads\/2026\/04\/tller_cooprtvito_elfogon_25042026-1-420x236.png 420w, https:\/\/caf.org.uy\/caf\/wp-content\/uploads\/2026\/04\/tller_cooprtvito_elfogon_25042026-1-768x432.png 768w, https:\/\/caf.org.uy\/caf\/wp-content\/uploads\/2026\/04\/tller_cooprtvito_elfogon_25042026-1-1536x864.png 1536w, https:\/\/caf.org.uy\/caf\/wp-content\/uploads\/2026\/04\/tller_cooprtvito_elfogon_25042026-1-210x118.png 210w, https:\/\/caf.org.uy\/caf\/wp-content\/uploads\/2026\/04\/tller_cooprtvito_elfogon_25042026-1.png 1600w\" sizes=\"(max-width: 650px) 100vw, 650px\" \/><\/figure>\n\n\n\n<h2 class=\"wp-block-heading has-text-color has-link-color wp-elements-3f1fad2c79103f0026e790835f168f9e\" style=\"color:#094927\">El pasado <strong>25 de abril<\/strong> realizamos, en <strong>Sarand\u00ed del Y\u00ed<\/strong>, en la <strong>Cooperativa El Fog\u00f3n<\/strong>, <strong>\u201cEnse\u00f1ar tambi\u00e9n puede ser un juego\u201d<\/strong>, un taller para maestras con el objetivo de aprender a usar nuestra herramienta interactiva <strong><em>Cooperativito<\/em><\/strong>.<\/h2>\n\n\n\n<p>Esta actividad se inscribe en la l\u00ednea de trabajo presentada recientemente junto a ANEP y forma parte del despliegue territorial de la herramienta <em>Cooperativito<\/em>, tal como anunciamos en instancias anteriores (ver: <a href=\"https:\/\/caf.org.uy\/caf\/cooperativito-2026-realizaremos-el-primer-taller-para-maestros-as-y-docentes-en-sarandi-del-yi\/?utm_source=chatgpt.com\">Cooperativito 2026: talleres para docentes y una trivia nacional para escolares<\/a> y <a href=\"https:\/\/www.carasycaretas.com.uy\/sociedad\/anep-y-cooperativas-agrarias-federadas-presentan-cooperativito-una-herramienta-escolares-n93516?utm_source=chatgpt.com\">CAF y ANEP presentan Cooperativito<\/a>).<\/p>\n\n\n\n<p>El taller estuvo dirigido a docentes, maestros y maestras de educaci\u00f3n primaria, convocando a participantes de los departamentos de Durazno y Florida, as\u00ed como a educadores interesados en integrar nuevas herramientas a sus pr\u00e1cticas de aula.<\/p>\n\n\n\n<p>Durante la jornada trabajamos en torno a <strong><em>Cooperativito<\/em><\/strong>, nuestra herramienta educativa interactiva orientada a facilitar el abordaje de contenidos como ruralidad, producci\u00f3n, ambiente, cooperativismo y ciencia, especialmente con estudiantes de 4\u00b0, 5\u00b0 y 6\u00b0 a\u00f1o.<\/p>\n\n\n\n<p>El encuentro, de dos horas de duraci\u00f3n, combin\u00f3 instancias expositivas y din\u00e1micas participativas. Iniciamos con una bienvenida institucional y la presentaci\u00f3n del enfoque del cooperativismo como herramienta para el desarrollo, junto a la participaci\u00f3n de la cooperativa anfitriona, El Fog\u00f3n, que comparti\u00f3 su experiencia y el potencial pedag\u00f3gico del v\u00ednculo entre educaci\u00f3n y territorio.<\/p>\n\n\n\n<p>A lo largo del taller generamos espacios de intercambio donde los y las participantes reflexionaron sobre su conocimiento del cooperativismo agrario y exploraron las distintas secciones de la herramienta.<\/p>\n\n\n\n<p>Uno de los momentos m\u00e1s destacados fue la instancia pr\u00e1ctica, donde docentes experimentaron <em>Cooperativito<\/em> en primera persona a trav\u00e9s de sus juegos, como la trivia y el puzle, identificando oportunidades y desaf\u00edos para su aplicaci\u00f3n en el aula. Esta propuesta se enmarca en una estrategia m\u00e1s amplia que busca promover el aprendizaje sobre el cooperativismo agrario a trav\u00e9s de recursos l\u00fadicos y digitales.<\/p>\n\n\n\n<p>Asimismo, compartimos recursos complementarios para el trabajo educativo y presentamos nuevas iniciativas, como la trivia nacional que se desarrollar\u00e1 en los pr\u00f3ximos meses, orientada a estudiantes de todo el pa\u00eds.<\/p>\n\n\n\n<p>El cierre estuvo marcado por una instancia de reflexi\u00f3n colectiva, donde los y las participantes valoraron los aprendizajes adquiridos y el aporte de la herramienta para enriquecer sus pr\u00e1cticas pedag\u00f3gicas.<\/p>\n\n\n\n<p>Desde CAF destacamos la importancia de estos espacios de formaci\u00f3n en territorio, que permiten fortalecer el v\u00ednculo entre educaci\u00f3n y cooperativismo, acercando el mundo productivo al aula de forma did\u00e1ctica y participativa.<\/p>\n\n\n\n<p>Esta actividad fue la primera de una serie de talleres que estaremos desarrollando en los pr\u00f3ximos meses, junto con las cooperativas socias de CAF, El Fog\u00f3n y COLAVECO, con el apoyo de INACOOP en distintos puntos del pa\u00eds. Nuestro objetivo es ampliar el alcance de <em>Cooperativito<\/em> y su integraci\u00f3n en el sistema educativo de Uruguay.<\/p>\n\n\n\n<p><em>Cooperativito: una herramienta, m\u00faltiples aprendizajes.<\/em><\/p>\n\n\n\n<p><a href=\"http:\/\/www.cooperativito.org.uy\">www.cooperativito.org.uy<\/a><\/p>\n","protected":false},"excerpt":{"rendered":"<p>El pasado 25 de abril realizamos, en Sarand\u00ed del Y\u00ed, en la Cooperativa El Fog\u00f3n, \u201cEnse\u00f1ar tambi\u00e9n puede ser un juego\u201d, un taller para maestras con el objetivo de aprender &hellip; <a class=\"readmore\" href=\"https:\/\/caf.org.uy\/caf\/realizamos-en-sarandi-del-yi-el-taller-ensenar-tambien-puede-ser-un-juego\/\">Seguir leyendo &rarr;<\/a><\/p>\n","protected":false},"author":5,"featured_media":16895,"comment_status":"closed","ping_status":"closed","sticky":false,"template":"","format":"standard","meta":{"csbAdvScrollBarCursor":"","footnotes":""},"categories":[236,2,193],"tags":[],"class_list":["post-16892","post","type-post","status-publish","format-standard","has-post-thumbnail","hentry","category-cooperativito","category-noticias","category-talleres"],"_links":{"self":[{"href":"https:\/\/caf.org.uy\/caf\/wp-json\/wp\/v2\/posts\/16892","targetHints":{"allow":["GET"]}}],"collection":[{"href":"https:\/\/caf.org.uy\/caf\/wp-json\/wp\/v2\/posts"}],"about":[{"href":"https:\/\/caf.org.uy\/caf\/wp-json\/wp\/v2\/types\/post"}],"author":[{"embeddable":true,"href":"https:\/\/caf.org.uy\/caf\/wp-json\/wp\/v2\/users\/5"}],"replies":[{"embeddable":true,"href":"https:\/\/caf.org.uy\/caf\/wp-json\/wp\/v2\/comments?post=16892"}],"version-history":[{"count":2,"href":"https:\/\/caf.org.uy\/caf\/wp-json\/wp\/v2\/posts\/16892\/revisions"}],"predecessor-version":[{"id":16896,"href":"https:\/\/caf.org.uy\/caf\/wp-json\/wp\/v2\/posts\/16892\/revisions\/16896"}],"wp:featuredmedia":[{"embeddable":true,"href":"https:\/\/caf.org.uy\/caf\/wp-json\/wp\/v2\/media\/16895"}],"wp:attachment":[{"href":"https:\/\/caf.org.uy\/caf\/wp-json\/wp\/v2\/media?parent=16892"}],"wp:term":[{"taxonomy":"category","embeddable":true,"href":"https:\/\/caf.org.uy\/caf\/wp-json\/wp\/v2\/categories?post=16892"},{"taxonomy":"post_tag","embeddable":true,"href":"https:\/\/caf.org.uy\/caf\/wp-json\/wp\/v2\/tags?post=16892"}],"curies":[{"name":"wp","href":"https:\/\/api.w.org\/{rel}","templated":true}]}}