{"id":16867,"date":"2026-04-09T12:54:58","date_gmt":"2026-04-09T12:54:58","guid":{"rendered":"https:\/\/caf.org.uy\/caf\/?p=16867"},"modified":"2026-04-09T12:55:52","modified_gmt":"2026-04-09T12:55:52","slug":"caf-42-anos-de-historia-compromiso-y-construccion-colectiva","status":"publish","type":"post","link":"https:\/\/caf.org.uy\/caf\/caf-42-anos-de-historia-compromiso-y-construccion-colectiva\/","title":{"rendered":"CAF: 42 a\u00f1os de historia, compromiso y construcci\u00f3n colectiva"},"content":{"rendered":"\n<figure class=\"wp-block-image size-large\"><img fetchpriority=\"high\" decoding=\"async\" width=\"650\" height=\"437\" src=\"https:\/\/caf.org.uy\/caf\/wp-content\/uploads\/2026\/04\/Constitucion-CAF-Federico-Munoz-Club-Juventus-1984-650x437.jpg\" alt=\"\" class=\"wp-image-16868\" srcset=\"https:\/\/caf.org.uy\/caf\/wp-content\/uploads\/2026\/04\/Constitucion-CAF-Federico-Munoz-Club-Juventus-1984-650x437.jpg 650w, https:\/\/caf.org.uy\/caf\/wp-content\/uploads\/2026\/04\/Constitucion-CAF-Federico-Munoz-Club-Juventus-1984-420x282.jpg 420w, https:\/\/caf.org.uy\/caf\/wp-content\/uploads\/2026\/04\/Constitucion-CAF-Federico-Munoz-Club-Juventus-1984-768x516.jpg 768w, https:\/\/caf.org.uy\/caf\/wp-content\/uploads\/2026\/04\/Constitucion-CAF-Federico-Munoz-Club-Juventus-1984-210x141.jpg 210w, https:\/\/caf.org.uy\/caf\/wp-content\/uploads\/2026\/04\/Constitucion-CAF-Federico-Munoz-Club-Juventus-1984.jpg 1524w\" sizes=\"(max-width: 650px) 100vw, 650px\" \/><\/figure>\n\n\n\n<h2 class=\"wp-block-heading has-text-color has-link-color wp-elements-b2408819b94bb29d719697fb0f2e6bab\" style=\"color:#094927\">Celebramos 42 a\u00f1os de trayectoria como Cooperativas Agrarias Federadas (CAF), consolid\u00e1ndonos como una organizaci\u00f3n clave en la representaci\u00f3n y el fortalecimiento del cooperativismo agrario en Uruguay.<\/h2>\n\n\n\n<p>Nuestra historia comenz\u00f3 a principios de la d\u00e9cada de 1980, en un contexto desafiante, cuando surgi\u00f3 la necesidad de crear un espacio que integrara y representara a las cooperativas agrarias. Impulsados por cooperativas de productores comprometidos, nos constituimos oficialmente el 9 de abril de 1984, dando inicio a un camino basado en la uni\u00f3n y el trabajo conjunto.<\/p>\n\n\n\n<p>En nuestros primeros a\u00f1os, nos posicionamos como un actor relevante en el \u00e1mbito nacional, promoviendo la articulaci\u00f3n con instituciones p\u00fablicas y privadas, as\u00ed como la capacitaci\u00f3n y el desarrollo de iniciativas orientadas a fortalecer a las cooperativas. Esto nos permiti\u00f3 mejorar la competitividad del sector y consolidar redes de colaboraci\u00f3n entre productores.<\/p>\n\n\n\n<p>A lo largo de m\u00e1s de cuatro d\u00e9cadas, acompa\u00f1amos procesos clave para el desarrollo del cooperativismo agrario, impulsando la integraci\u00f3n, el intercambio y la generaci\u00f3n de oportunidades. Nuestro accionar se sostiene en valores como la solidaridad, el compromiso y la b\u00fasqueda permanente de acuerdos.<\/p>\n\n\n\n<p>Hoy seguimos proyect\u00e1ndonos hacia el futuro, reafirmando nuestro rol como espacio de representaci\u00f3n, di\u00e1logo e innovaci\u00f3n para las cooperativas agrarias, contribuyendo al desarrollo sostenible del agro y del pa\u00eds.<\/p>\n\n\n\n<figure class=\"wp-block-gallery has-nested-images columns-default is-cropped wp-block-gallery-1 is-layout-flex wp-block-gallery-is-layout-flex\">\n<figure class=\"wp-block-image size-large\"><img decoding=\"async\" width=\"650\" height=\"414\" data-id=\"16870\" src=\"https:\/\/caf.org.uy\/caf\/wp-content\/uploads\/2026\/04\/4\u00b0-encuentro-de-CAF-Rocha-1989-650x414.jpg\" alt=\"\" class=\"wp-image-16870\" srcset=\"https:\/\/caf.org.uy\/caf\/wp-content\/uploads\/2026\/04\/4\u00b0-encuentro-de-CAF-Rocha-1989-650x414.jpg 650w, https:\/\/caf.org.uy\/caf\/wp-content\/uploads\/2026\/04\/4\u00b0-encuentro-de-CAF-Rocha-1989-420x268.jpg 420w, https:\/\/caf.org.uy\/caf\/wp-content\/uploads\/2026\/04\/4\u00b0-encuentro-de-CAF-Rocha-1989-768x490.jpg 768w, https:\/\/caf.org.uy\/caf\/wp-content\/uploads\/2026\/04\/4\u00b0-encuentro-de-CAF-Rocha-1989-1536x979.jpg 1536w, https:\/\/caf.org.uy\/caf\/wp-content\/uploads\/2026\/04\/4\u00b0-encuentro-de-CAF-Rocha-1989-210x134.jpg 210w, https:\/\/caf.org.uy\/caf\/wp-content\/uploads\/2026\/04\/4\u00b0-encuentro-de-CAF-Rocha-1989.jpg 1744w\" sizes=\"(max-width: 650px) 100vw, 650px\" \/><\/figure>\n\n\n\n<figure class=\"wp-block-image size-large\"><img decoding=\"async\" width=\"650\" height=\"434\" data-id=\"16869\" src=\"https:\/\/caf.org.uy\/caf\/wp-content\/uploads\/2026\/04\/CAF40-228-650x434.jpg\" alt=\"\" class=\"wp-image-16869\" srcset=\"https:\/\/caf.org.uy\/caf\/wp-content\/uploads\/2026\/04\/CAF40-228-650x434.jpg 650w, https:\/\/caf.org.uy\/caf\/wp-content\/uploads\/2026\/04\/CAF40-228-420x280.jpg 420w, https:\/\/caf.org.uy\/caf\/wp-content\/uploads\/2026\/04\/CAF40-228-768x512.jpg 768w, https:\/\/caf.org.uy\/caf\/wp-content\/uploads\/2026\/04\/CAF40-228-391x260.jpg 391w, https:\/\/caf.org.uy\/caf\/wp-content\/uploads\/2026\/04\/CAF40-228-210x140.jpg 210w, https:\/\/caf.org.uy\/caf\/wp-content\/uploads\/2026\/04\/CAF40-228.jpg 1000w\" sizes=\"(max-width: 650px) 100vw, 650px\" \/><\/figure>\n<\/figure>\n\n\n\n<p><em>\u00a1Feliz aniversario a todas <a href=\"https:\/\/caf.org.uy\/caf\/nuestras-socias\/\">nuestras socias cooperativas<\/a>!<\/em><\/p>\n\n\n\n<hr class=\"wp-block-separator has-alpha-channel-opacity is-style-dots\"\/>\n\n\n\n<ul class=\"wp-block-list\">\n<li><strong>Lee nuestra historia en el <a href=\"https:\/\/caf.org.uy\/Documentosdigitales\/40%20a%C3%B1os%20CAF.pdf\">Libro de CAF 40 a\u00f1os \u00abEntretejiendo historias del cooperativismo agrario en Uruguay\u00bb<\/a><\/strong><\/li>\n<\/ul>\n\n\n\n<p><\/p>\n","protected":false},"excerpt":{"rendered":"<p>Celebramos 42 a\u00f1os de trayectoria como Cooperativas Agrarias Federadas (CAF), consolid\u00e1ndonos como una organizaci\u00f3n clave en la representaci\u00f3n y el fortalecimiento del cooperativismo agrario en Uruguay. Nuestra historia comenz\u00f3 a &hellip; <a class=\"readmore\" href=\"https:\/\/caf.org.uy\/caf\/caf-42-anos-de-historia-compromiso-y-construccion-colectiva\/\">Seguir leyendo &rarr;<\/a><\/p>\n","protected":false},"author":5,"featured_media":16868,"comment_status":"closed","ping_status":"closed","sticky":false,"template":"","format":"standard","meta":{"csbAdvScrollBarCursor":"","footnotes":""},"categories":[201,20,2],"tags":[235,175],"class_list":["post-16867","post","type-post","status-publish","format-standard","has-post-thumbnail","hentry","category-homenaje","category-institucional-gremial","category-noticias","tag-aniversario","tag-caf"],"_links":{"self":[{"href":"https:\/\/caf.org.uy\/caf\/wp-json\/wp\/v2\/posts\/16867","targetHints":{"allow":["GET"]}}],"collection":[{"href":"https:\/\/caf.org.uy\/caf\/wp-json\/wp\/v2\/posts"}],"about":[{"href":"https:\/\/caf.org.uy\/caf\/wp-json\/wp\/v2\/types\/post"}],"author":[{"embeddable":true,"href":"https:\/\/caf.org.uy\/caf\/wp-json\/wp\/v2\/users\/5"}],"replies":[{"embeddable":true,"href":"https:\/\/caf.org.uy\/caf\/wp-json\/wp\/v2\/comments?post=16867"}],"version-history":[{"count":2,"href":"https:\/\/caf.org.uy\/caf\/wp-json\/wp\/v2\/posts\/16867\/revisions"}],"predecessor-version":[{"id":16872,"href":"https:\/\/caf.org.uy\/caf\/wp-json\/wp\/v2\/posts\/16867\/revisions\/16872"}],"wp:featuredmedia":[{"embeddable":true,"href":"https:\/\/caf.org.uy\/caf\/wp-json\/wp\/v2\/media\/16868"}],"wp:attachment":[{"href":"https:\/\/caf.org.uy\/caf\/wp-json\/wp\/v2\/media?parent=16867"}],"wp:term":[{"taxonomy":"category","embeddable":true,"href":"https:\/\/caf.org.uy\/caf\/wp-json\/wp\/v2\/categories?post=16867"},{"taxonomy":"post_tag","embeddable":true,"href":"https:\/\/caf.org.uy\/caf\/wp-json\/wp\/v2\/tags?post=16867"}],"curies":[{"name":"wp","href":"https:\/\/api.w.org\/{rel}","templated":true}]}}