{"id":16242,"date":"2025-07-16T13:22:58","date_gmt":"2025-07-16T13:22:58","guid":{"rendered":"https:\/\/caf.org.uy\/caf\/?p=16242"},"modified":"2025-07-21T18:26:31","modified_gmt":"2025-07-21T18:26:31","slug":"presidente-de-la-republica-participara-en-asamblea-anual-de-caf","status":"publish","type":"post","link":"https:\/\/caf.org.uy\/caf\/presidente-de-la-republica-participara-en-asamblea-anual-de-caf\/","title":{"rendered":"Presidente de la Rep\u00fablica participar\u00e1 en Asamblea Anual de CAF"},"content":{"rendered":"\n<p><strong>Cooperativas Agrarias Federadas (CAF) recibir\u00e1 a Yamand\u00fa Orsi en el marco de la Asamblea Anual. Ser\u00e1 el pr\u00f3ximo martes 22 de julio a partir de las 10.45 horas en la Fundaci\u00f3n Verde (18 de julio 2017, esq. Pablo de Mar\u00eda. Montevideo).<\/strong><\/p>\n\n\n\n<p>De la instancia, tambi\u00e9n participar\u00e1n: Ministro de Ganader\u00eda, <strong>Alfredo Fratti<\/strong>; Ministro de Ambiente, <strong>Edgardo Ortu\u00f1o<\/strong>; Subsecretaria de Relaciones Exteriores, <strong>Valeria Csukasi<\/strong>, entre otras autoridades.<\/p>\n\n\n\n<p><br \/>La actividad, que se enmarca en el <strong>A\u00f1o Internacional de las Cooperativas<\/strong>, contar\u00e1 con un panel titulado \u201c<strong>Rumbo a la COP30: El cooperativismo agrario como camino articulador<\/strong>\u201d.<\/p>\n\n\n\n<p><br \/>En el mismo, investigadores de la Fundaci\u00f3n Getulio Vargas y de la Organizaci\u00f3n de las Cooperativas Brasile\u00f1as (sistema OCB) de Brasil, presentar\u00e1n el documento: \u201c<strong>Manifiesto del cooperativismo brasile\u00f1o para la COP30<\/strong>\u201d. El mismo ha sido elaborado de cara a la Conferencia de las Naciones Unidas sobre el Cambio Clim\u00e1tico de 2025, que se celebrar\u00e1 en Brasil, del 10 al 21 de noviembre.<br \/><\/p>\n\n\n\n<p>Posteriormente, autoridades y referentes t\u00e9cnicos uruguayos disertar\u00e1n sobre los avances y desaf\u00edos que supone el desarrollo agrario sostenible en nuestro pa\u00eds.<\/p>\n\n\n\n<p><br \/>Al finalizar, har\u00e1 uso de la palabra el Presidente de CAF, <strong>Pablo Perdomo<\/strong>.<\/p>\n\n\n\n<p><br \/><strong>Datos relevantes<\/strong><br \/><strong>Cu\u00e1ndo:<\/strong> Martes 22 de julio de 2025, de 10.45 a 12.30 horas<br \/><strong>D\u00f3nde: <\/strong>Fundaci\u00f3n Verde (18 de julio 2017, esq. Pablo de Mar\u00eda. Montevideo). <strong><a href=\"https:\/\/www.google.com\/maps\/place\/Av.+18+de+Julio+2017,+11200+Montevideo,+Departamento+de+Montevideo\/@-34.9003104,-56.1722271,17z\/data=!3m1!4b1!4m6!3m5!1s0x959f81b2c50379e1:0x286eaac7c0d25f20!8m2!3d-34.9003104!4d-56.1722271!16s%2Fg%2F11hb8hvhrt?entry=ttu&amp;g_ep=EgoyMDI1MDcxMy4wIKXMDSoASAFQAw%3D%3D\">AQU\u00cd<\/a><\/strong> se puede acceder a la ubicaci\u00f3n.<br \/><br \/>La actividad cuenta con el apoyo del <strong>Banco Rep\u00fablica<\/strong>, <strong>INAC<\/strong> y<strong> ANTEL.<\/strong><\/p>\n\n\n<div class=\"wp-block-image\">\n<figure class=\"aligncenter size-large\"><img fetchpriority=\"high\" decoding=\"async\" width=\"633\" height=\"480\" src=\"https:\/\/caf.org.uy\/caf\/wp-content\/uploads\/2025\/07\/ASAMBLEA-CAF-2025-INVITACION-Youtube-633x480.jpg\" alt=\"\" class=\"wp-image-16258\" srcset=\"https:\/\/caf.org.uy\/caf\/wp-content\/uploads\/2025\/07\/ASAMBLEA-CAF-2025-INVITACION-Youtube-633x480.jpg 633w, https:\/\/caf.org.uy\/caf\/wp-content\/uploads\/2025\/07\/ASAMBLEA-CAF-2025-INVITACION-Youtube-409x310.jpg 409w, https:\/\/caf.org.uy\/caf\/wp-content\/uploads\/2025\/07\/ASAMBLEA-CAF-2025-INVITACION-Youtube-768x582.jpg 768w, https:\/\/caf.org.uy\/caf\/wp-content\/uploads\/2025\/07\/ASAMBLEA-CAF-2025-INVITACION-Youtube-1536x1164.jpg 1536w, https:\/\/caf.org.uy\/caf\/wp-content\/uploads\/2025\/07\/ASAMBLEA-CAF-2025-INVITACION-Youtube-2048x1552.jpg 2048w, https:\/\/caf.org.uy\/caf\/wp-content\/uploads\/2025\/07\/ASAMBLEA-CAF-2025-INVITACION-Youtube-210x159.jpg 210w\" sizes=\"(max-width: 633px) 100vw, 633px\" \/><\/figure>\n<\/div>","protected":false},"excerpt":{"rendered":"<p>Cooperativas Agrarias Federadas (CAF) recibir\u00e1 a Yamand\u00fa Orsi en el marco de la Asamblea Anual. Ser\u00e1 el pr\u00f3ximo martes 22 de julio a partir de las 10.45 horas en la &hellip; <a class=\"readmore\" href=\"https:\/\/caf.org.uy\/caf\/presidente-de-la-republica-participara-en-asamblea-anual-de-caf\/\">Seguir leyendo &rarr;<\/a><\/p>\n","protected":false},"author":5,"featured_media":16257,"comment_status":"closed","ping_status":"closed","sticky":false,"template":"","format":"standard","meta":{"csbAdvScrollBarCursor":"","footnotes":""},"categories":[2],"tags":[],"class_list":["post-16242","post","type-post","status-publish","format-standard","has-post-thumbnail","hentry","category-noticias"],"_links":{"self":[{"href":"https:\/\/caf.org.uy\/caf\/wp-json\/wp\/v2\/posts\/16242","targetHints":{"allow":["GET"]}}],"collection":[{"href":"https:\/\/caf.org.uy\/caf\/wp-json\/wp\/v2\/posts"}],"about":[{"href":"https:\/\/caf.org.uy\/caf\/wp-json\/wp\/v2\/types\/post"}],"author":[{"embeddable":true,"href":"https:\/\/caf.org.uy\/caf\/wp-json\/wp\/v2\/users\/5"}],"replies":[{"embeddable":true,"href":"https:\/\/caf.org.uy\/caf\/wp-json\/wp\/v2\/comments?post=16242"}],"version-history":[{"count":5,"href":"https:\/\/caf.org.uy\/caf\/wp-json\/wp\/v2\/posts\/16242\/revisions"}],"predecessor-version":[{"id":16261,"href":"https:\/\/caf.org.uy\/caf\/wp-json\/wp\/v2\/posts\/16242\/revisions\/16261"}],"wp:featuredmedia":[{"embeddable":true,"href":"https:\/\/caf.org.uy\/caf\/wp-json\/wp\/v2\/media\/16257"}],"wp:attachment":[{"href":"https:\/\/caf.org.uy\/caf\/wp-json\/wp\/v2\/media?parent=16242"}],"wp:term":[{"taxonomy":"category","embeddable":true,"href":"https:\/\/caf.org.uy\/caf\/wp-json\/wp\/v2\/categories?post=16242"},{"taxonomy":"post_tag","embeddable":true,"href":"https:\/\/caf.org.uy\/caf\/wp-json\/wp\/v2\/tags?post=16242"}],"curies":[{"name":"wp","href":"https:\/\/api.w.org\/{rel}","templated":true}]}}