{"id":16062,"date":"2025-02-27T15:00:22","date_gmt":"2025-02-27T15:00:22","guid":{"rendered":"https:\/\/caf.org.uy\/caf\/?p=16062"},"modified":"2025-03-12T12:04:20","modified_gmt":"2025-03-12T12:04:20","slug":"caf-homenajeara-a-cuatro-mujeres-que-han-hecho-aportes-destacados-al-cooperativismo-agrario","status":"publish","type":"post","link":"https:\/\/caf.org.uy\/caf\/caf-homenajeara-a-cuatro-mujeres-que-han-hecho-aportes-destacados-al-cooperativismo-agrario\/","title":{"rendered":"CAF homenaje\u00f3 a cuatro mujeres que han hecho aportes destacados al cooperativismo agrario"},"content":{"rendered":"\n<p><strong>Por cuarto a\u00f1o consecutivo, el viernes 7 de marzo, Cooperativas Agrarias Federadas (CAF) distingui\u00f3 a mujeres que han realizado aportes destacados al cooperativismo agrario desde diversos roles. La actividad se enmarc\u00f3 en el D\u00eda Internacional de la Mujer.<\/strong><\/p>\n\n\n\n<p>Las mujeres homenajeadas, y que compartieron su testimonio de vida en la actividad, fueron postuladas por cooperativas socias de la Federaci\u00f3n. Ellas son: Carolina Ferrari, Marta Ricca, Gabriela Garc\u00eda y Zuli Viazzi. <\/p>\n\n\n<div class=\"wp-block-image\">\n<figure class=\"alignright size-medium\"><img fetchpriority=\"high\" decoding=\"async\" width=\"420\" height=\"280\" src=\"https:\/\/caf.org.uy\/caf\/wp-content\/uploads\/2025\/02\/a0b71a32-c9b6-4cbd-8a4a-7f65ba44127c-420x280.jpg\" alt=\"\" class=\"wp-image-16076\" srcset=\"https:\/\/caf.org.uy\/caf\/wp-content\/uploads\/2025\/02\/a0b71a32-c9b6-4cbd-8a4a-7f65ba44127c-420x280.jpg 420w, https:\/\/caf.org.uy\/caf\/wp-content\/uploads\/2025\/02\/a0b71a32-c9b6-4cbd-8a4a-7f65ba44127c-650x433.jpg 650w, https:\/\/caf.org.uy\/caf\/wp-content\/uploads\/2025\/02\/a0b71a32-c9b6-4cbd-8a4a-7f65ba44127c-768x512.jpg 768w, https:\/\/caf.org.uy\/caf\/wp-content\/uploads\/2025\/02\/a0b71a32-c9b6-4cbd-8a4a-7f65ba44127c-391x260.jpg 391w, https:\/\/caf.org.uy\/caf\/wp-content\/uploads\/2025\/02\/a0b71a32-c9b6-4cbd-8a4a-7f65ba44127c-210x140.jpg 210w, https:\/\/caf.org.uy\/caf\/wp-content\/uploads\/2025\/02\/a0b71a32-c9b6-4cbd-8a4a-7f65ba44127c.jpg 1394w\" sizes=\"(max-width: 420px) 100vw, 420px\" \/><\/figure>\n<\/div>\n\n\n<p><strong>Carolina Ferrari: \u201cDe funcionaria a socia de la cooperativa CARIPLAL\u201d<\/strong><br \/>Carolina se crio en Rafael Perazza (San Jos\u00e9). A sus 23 a\u00f1os comenz\u00f3 a trabajar como administrativa en la cooperativa CARIPLAL, cargo que desempe\u00f1\u00f3 durante 20 a\u00f1os, destac\u00e1ndose por su amabilidad con los socios y clientes.<br \/><\/p>\n\n\n\n<p>Hace dos a\u00f1os, junto a su familia, decidi\u00f3 tomar un nuevo desaf\u00edo: convertirse en productora de papas y socia de CARIPLAL. A lo largo de los a\u00f1os y desde diversos roles, la cooperativa la ha acompa\u00f1ado en todo el camino de crecimiento y superaci\u00f3n personal y laboral.<\/p>\n\n\n\n<p><\/p>\n\n\n<div class=\"wp-block-image\">\n<figure class=\"alignleft size-medium\"><img decoding=\"async\" width=\"420\" height=\"280\" src=\"https:\/\/caf.org.uy\/caf\/wp-content\/uploads\/2025\/02\/42a472f9-a975-406b-898f-a1f8f8457e58-420x280.jpg\" alt=\"\" class=\"wp-image-16077\" srcset=\"https:\/\/caf.org.uy\/caf\/wp-content\/uploads\/2025\/02\/42a472f9-a975-406b-898f-a1f8f8457e58-420x280.jpg 420w, https:\/\/caf.org.uy\/caf\/wp-content\/uploads\/2025\/02\/42a472f9-a975-406b-898f-a1f8f8457e58-650x434.jpg 650w, https:\/\/caf.org.uy\/caf\/wp-content\/uploads\/2025\/02\/42a472f9-a975-406b-898f-a1f8f8457e58-768x512.jpg 768w, https:\/\/caf.org.uy\/caf\/wp-content\/uploads\/2025\/02\/42a472f9-a975-406b-898f-a1f8f8457e58-391x260.jpg 391w, https:\/\/caf.org.uy\/caf\/wp-content\/uploads\/2025\/02\/42a472f9-a975-406b-898f-a1f8f8457e58-210x140.jpg 210w, https:\/\/caf.org.uy\/caf\/wp-content\/uploads\/2025\/02\/42a472f9-a975-406b-898f-a1f8f8457e58.jpg 1042w\" sizes=\"(max-width: 420px) 100vw, 420px\" \/><\/figure>\n<\/div>\n\n\n<p><strong>Gabriela Garc\u00eda: \u201cEjemplo del compromiso, la dedicaci\u00f3n y de la calidez humana que caracteriza a Uni\u00f3n Rural de Flores\u201d<\/strong><\/p>\n\n\n\n<p><br \/>Gabriela dedic\u00f3 35 a\u00f1os de su vida al trabajo en la cooperativa Uni\u00f3n Rural de Flores. Inici\u00f3 como secretaria y, gracias a su amabilidad, compromiso y profesionalismo, se convirti\u00f3 en un pilar fundamental del quehacer diario en las oficinas de la Cooperativa. Actualmente se desempe\u00f1a en el \u00e1rea de Administraci\u00f3n.<br \/><\/p>\n\n\n\n<p>Enfrent\u00f3 el desaf\u00edo de trabajar en un entorno mayoritariamente masculino, pero eso no fue un obst\u00e1culo para ganarse el respeto y cari\u00f1o de todos. Con el tiempo, form\u00f3 su familia, crio a sus hijos y se convirti\u00f3 en una joven abuela, siempre con la misma energ\u00eda y entrega.<\/p>\n\n\n<div class=\"wp-block-image\">\n<figure class=\"alignright size-medium\"><img decoding=\"async\" width=\"271\" height=\"310\" src=\"https:\/\/caf.org.uy\/caf\/wp-content\/uploads\/2025\/02\/d0d4293e-2a08-4677-a129-8fa46d1489ef-271x310.jpg\" alt=\"\" class=\"wp-image-16078\" srcset=\"https:\/\/caf.org.uy\/caf\/wp-content\/uploads\/2025\/02\/d0d4293e-2a08-4677-a129-8fa46d1489ef-271x310.jpg 271w, https:\/\/caf.org.uy\/caf\/wp-content\/uploads\/2025\/02\/d0d4293e-2a08-4677-a129-8fa46d1489ef-420x480.jpg 420w, https:\/\/caf.org.uy\/caf\/wp-content\/uploads\/2025\/02\/d0d4293e-2a08-4677-a129-8fa46d1489ef-768x879.jpg 768w, https:\/\/caf.org.uy\/caf\/wp-content\/uploads\/2025\/02\/d0d4293e-2a08-4677-a129-8fa46d1489ef-184x210.jpg 184w, https:\/\/caf.org.uy\/caf\/wp-content\/uploads\/2025\/02\/d0d4293e-2a08-4677-a129-8fa46d1489ef.jpg 917w\" sizes=\"(max-width: 271px) 100vw, 271px\" \/><\/figure>\n<\/div>\n\n\n<p><strong>Marta Ricca: \u201cUna historia de logro y satisfacci\u00f3n asociada al trabajo del campo\u201d<\/strong><br \/><\/p>\n\n\n\n<p>Marta naci\u00f3 en el medio rural, en el departamento de Colonia, \u00e1mbito en el cual vivi\u00f3 siempre y donde aprendi\u00f3 el valor del trabajo. A los 25 a\u00f1os de cas\u00f3 con Dar\u00edo y juntos dieron inicio a la empresa familiar; en un predio arrendado, con un tambo de siete vacas y orde\u00f1adora de balde.<br \/><\/p>\n\n\n\n<p>Con mucho esfuerzo y el apoyo de la cooperativa CRADECO, pudieron modernizar la maquinaria, diversificar la producci\u00f3n y adquirir ganado, con lo que las siete vacas llegaron a convertirse en 65. En el camino, llegaron tres hijos y una nieta que crecieron y se criaron en el campo. Esto constituye una de las mayores satisfacciones para esta mujer inquieta y perseverante.<br \/><\/p>\n\n\n<div class=\"wp-block-image\">\n<figure class=\"alignleft size-medium\"><img loading=\"lazy\" decoding=\"async\" width=\"420\" height=\"280\" src=\"https:\/\/caf.org.uy\/caf\/wp-content\/uploads\/2025\/02\/4ab15403-8b7a-44cc-9a67-594960103cb1-420x280.jpg\" alt=\"\" class=\"wp-image-16079\" srcset=\"https:\/\/caf.org.uy\/caf\/wp-content\/uploads\/2025\/02\/4ab15403-8b7a-44cc-9a67-594960103cb1-420x280.jpg 420w, https:\/\/caf.org.uy\/caf\/wp-content\/uploads\/2025\/02\/4ab15403-8b7a-44cc-9a67-594960103cb1-650x433.jpg 650w, https:\/\/caf.org.uy\/caf\/wp-content\/uploads\/2025\/02\/4ab15403-8b7a-44cc-9a67-594960103cb1-768x512.jpg 768w, https:\/\/caf.org.uy\/caf\/wp-content\/uploads\/2025\/02\/4ab15403-8b7a-44cc-9a67-594960103cb1-391x260.jpg 391w, https:\/\/caf.org.uy\/caf\/wp-content\/uploads\/2025\/02\/4ab15403-8b7a-44cc-9a67-594960103cb1-210x140.jpg 210w, https:\/\/caf.org.uy\/caf\/wp-content\/uploads\/2025\/02\/4ab15403-8b7a-44cc-9a67-594960103cb1.jpg 1323w\" sizes=\"(max-width: 420px) 100vw, 420px\" \/><\/figure>\n<\/div>\n\n\n<p><strong>Zuli Viazzi: \u201cUna mujer que ha plasmado en hechos, lo mejor del esp\u00edritu cooperativo\u201d<\/strong><br \/><\/p>\n\n\n\n<p>Zuli naci\u00f3 en Villa Rodr\u00edguez, departamento de San Jos\u00e9. Luego de casarse, con su esposo Abel comenzaron a trabajar en el tambo, donde criaron a sus hijos. Hasta la actualidad, contin\u00faan con la empresa familiar, remitiendo a CONAPROLE.<br \/><\/p>\n\n\n\n<p>Siempre estuvo enfocada en el cuidado de la familia y en el bienestar de la comunidad, y esa inquietud la llev\u00f3 a ser una de las pioneras en la creaci\u00f3n del Centro para Adolescentes de Rodr\u00edguez. Este espacio abri\u00f3 sus puertas en 1998 y desde entonces ha recibido a decenas de j\u00f3venes estudiantes del medio rural y urbano, para facilitarles la posibilidad de estudiar.<\/p>\n\n\n\n<p><strong><a href=\"https:\/\/www.youtube.com\/watch?v=70xGuxVBYzs&amp;t=2523s\">AQU\u00cd se puede acceder al video del evento de homenaje<\/a>. <\/strong><\/p>\n\n\n<div class=\"wp-block-image\">\n<figure class=\"aligncenter size-large\"><img loading=\"lazy\" decoding=\"async\" width=\"650\" height=\"433\" src=\"https:\/\/caf.org.uy\/caf\/wp-content\/uploads\/2025\/02\/28e67a7e-92aa-4b60-b75a-e45f32f7ff3f-650x433.jpg\" alt=\"\" class=\"wp-image-16074\" srcset=\"https:\/\/caf.org.uy\/caf\/wp-content\/uploads\/2025\/02\/28e67a7e-92aa-4b60-b75a-e45f32f7ff3f-650x433.jpg 650w, https:\/\/caf.org.uy\/caf\/wp-content\/uploads\/2025\/02\/28e67a7e-92aa-4b60-b75a-e45f32f7ff3f-420x280.jpg 420w, https:\/\/caf.org.uy\/caf\/wp-content\/uploads\/2025\/02\/28e67a7e-92aa-4b60-b75a-e45f32f7ff3f-768x512.jpg 768w, https:\/\/caf.org.uy\/caf\/wp-content\/uploads\/2025\/02\/28e67a7e-92aa-4b60-b75a-e45f32f7ff3f-391x260.jpg 391w, https:\/\/caf.org.uy\/caf\/wp-content\/uploads\/2025\/02\/28e67a7e-92aa-4b60-b75a-e45f32f7ff3f-210x140.jpg 210w, https:\/\/caf.org.uy\/caf\/wp-content\/uploads\/2025\/02\/28e67a7e-92aa-4b60-b75a-e45f32f7ff3f.jpg 1284w\" sizes=\"(max-width: 650px) 100vw, 650px\" \/><\/figure>\n<\/div>","protected":false},"excerpt":{"rendered":"<p>Por cuarto a\u00f1o consecutivo, el viernes 7 de marzo, Cooperativas Agrarias Federadas (CAF) distingui\u00f3 a mujeres que han realizado aportes destacados al cooperativismo agrario desde diversos roles. La actividad se &hellip; <a class=\"readmore\" href=\"https:\/\/caf.org.uy\/caf\/caf-homenajeara-a-cuatro-mujeres-que-han-hecho-aportes-destacados-al-cooperativismo-agrario\/\">Seguir leyendo &rarr;<\/a><\/p>\n","protected":false},"author":5,"featured_media":16112,"comment_status":"closed","ping_status":"closed","sticky":false,"template":"","format":"standard","meta":{"csbAdvScrollBarCursor":"","footnotes":""},"categories":[2],"tags":[],"class_list":["post-16062","post","type-post","status-publish","format-standard","has-post-thumbnail","hentry","category-noticias"],"_links":{"self":[{"href":"https:\/\/caf.org.uy\/caf\/wp-json\/wp\/v2\/posts\/16062","targetHints":{"allow":["GET"]}}],"collection":[{"href":"https:\/\/caf.org.uy\/caf\/wp-json\/wp\/v2\/posts"}],"about":[{"href":"https:\/\/caf.org.uy\/caf\/wp-json\/wp\/v2\/types\/post"}],"author":[{"embeddable":true,"href":"https:\/\/caf.org.uy\/caf\/wp-json\/wp\/v2\/users\/5"}],"replies":[{"embeddable":true,"href":"https:\/\/caf.org.uy\/caf\/wp-json\/wp\/v2\/comments?post=16062"}],"version-history":[{"count":9,"href":"https:\/\/caf.org.uy\/caf\/wp-json\/wp\/v2\/posts\/16062\/revisions"}],"predecessor-version":[{"id":16083,"href":"https:\/\/caf.org.uy\/caf\/wp-json\/wp\/v2\/posts\/16062\/revisions\/16083"}],"wp:featuredmedia":[{"embeddable":true,"href":"https:\/\/caf.org.uy\/caf\/wp-json\/wp\/v2\/media\/16112"}],"wp:attachment":[{"href":"https:\/\/caf.org.uy\/caf\/wp-json\/wp\/v2\/media?parent=16062"}],"wp:term":[{"taxonomy":"category","embeddable":true,"href":"https:\/\/caf.org.uy\/caf\/wp-json\/wp\/v2\/categories?post=16062"},{"taxonomy":"post_tag","embeddable":true,"href":"https:\/\/caf.org.uy\/caf\/wp-json\/wp\/v2\/tags?post=16062"}],"curies":[{"name":"wp","href":"https:\/\/api.w.org\/{rel}","templated":true}]}}