{"id":14936,"date":"2023-08-08T18:01:20","date_gmt":"2023-08-08T18:01:20","guid":{"rendered":"https:\/\/caf.org.uy\/caf\/?p=14936"},"modified":"2023-08-09T13:37:46","modified_gmt":"2023-08-09T13:37:46","slug":"caf-y-utec-firmaron-convenio-marco-de-cooperacion","status":"publish","type":"post","link":"https:\/\/caf.org.uy\/caf\/caf-y-utec-firmaron-convenio-marco-de-cooperacion\/","title":{"rendered":"CAF y UTEC firmaron convenio de cooperaci\u00f3n"},"content":{"rendered":"\n<p><strong>Cooperativas Agrarias Federadas (CAF) y la Universidad Tecnol\u00f3gica del Uruguay (UTEC) firmaron un acuerdo con el objetivo de desarrollar programas y proyectos conjuntos vinculados a ense\u00f1anza e investigaci\u00f3n.<\/strong><br \/><\/p>\n\n\n<div class=\"wp-block-image\">\n<figure class=\"alignleft size-medium\"><img fetchpriority=\"high\" decoding=\"async\" width=\"420\" height=\"280\" src=\"https:\/\/caf.org.uy\/caf\/wp-content\/uploads\/2023\/08\/CAF_Verde-32-of-73-420x280.png\" alt=\"\" class=\"wp-image-14937\" srcset=\"https:\/\/caf.org.uy\/caf\/wp-content\/uploads\/2023\/08\/CAF_Verde-32-of-73-420x280.png 420w, https:\/\/caf.org.uy\/caf\/wp-content\/uploads\/2023\/08\/CAF_Verde-32-of-73-650x433.png 650w, https:\/\/caf.org.uy\/caf\/wp-content\/uploads\/2023\/08\/CAF_Verde-32-of-73-768x512.png 768w, https:\/\/caf.org.uy\/caf\/wp-content\/uploads\/2023\/08\/CAF_Verde-32-of-73-391x260.png 391w, https:\/\/caf.org.uy\/caf\/wp-content\/uploads\/2023\/08\/CAF_Verde-32-of-73-210x140.png 210w, https:\/\/caf.org.uy\/caf\/wp-content\/uploads\/2023\/08\/CAF_Verde-32-of-73-24x16.png 24w, https:\/\/caf.org.uy\/caf\/wp-content\/uploads\/2023\/08\/CAF_Verde-32-of-73-36x24.png 36w, https:\/\/caf.org.uy\/caf\/wp-content\/uploads\/2023\/08\/CAF_Verde-32-of-73-48x32.png 48w, https:\/\/caf.org.uy\/caf\/wp-content\/uploads\/2023\/08\/CAF_Verde-32-of-73.png 1080w\" sizes=\"(max-width: 420px) 100vw, 420px\" \/><\/figure>\n<\/div>\n\n\n<p>De la ceremonia de firma, que se realiz\u00f3 en el marco de la Asamblea Anual de CAF, participaron los integrantes del Consejo Directivo Central de la <a href=\"https:\/\/utec.edu.uy\/es\/\">UTEC<\/a>: Graciela Do Mato, Rodolfo Silveira y Andr\u00e9s D. Gil, as\u00ed como el Presidente y el Tesorero de CAF: Pablo Perdomo y Aparicio Hirschy.<br \/><\/p>\n\n\n\n<p>\u201cEste acuerdo permitir\u00e1 a las cooperativas agrarias trabajar en conjunto con la UTEC, de manera de solucionar problemas t\u00e9cnicos. Para nosotros es de suma importancia y ya sabemos que hay cooperativas interesadas en acceder\u201d, indic\u00f3 el tesorero de CAF, Aparicio Hirschy.<br \/><\/p>\n\n\n\n<p>Por su parte, Andr\u00e9s Gil de UTEC, resalt\u00f3: \u201cEs una puerta de entrada para empezar a pensar en forma conjunta actividades, capacitaciones y proyectos de investigaci\u00f3n. La UTEC tiene 12 sedes distribuidas en todo el pa\u00eds, m\u00e1s de 5.000 estudiantes y unas 20 carreras. Algunas est\u00e1n directamente vinculadas al agro \u2013como manejo y sistemas de producci\u00f3n lechera, tecnolog\u00eda de l\u00e1cteos, licenciatura en alimentos, y carrera en ingenier\u00eda agroambiental- y otras lo est\u00e1n indirectamente. Manifestamos la apertura para conversar, identificar problemas y pensar soluciones\u2026 ese es el camino para trabajar de forma conjunta\u201d.<\/p>\n","protected":false},"excerpt":{"rendered":"<p>Cooperativas Agrarias Federadas (CAF) y la Universidad Tecnol\u00f3gica del Uruguay (UTEC) firmaron un acuerdo con el objetivo de desarrollar programas y proyectos conjuntos vinculados a ense\u00f1anza e investigaci\u00f3n. De la &hellip; <a class=\"readmore\" href=\"https:\/\/caf.org.uy\/caf\/caf-y-utec-firmaron-convenio-marco-de-cooperacion\/\">Seguir leyendo &rarr;<\/a><\/p>\n","protected":false},"author":1,"featured_media":14937,"comment_status":"closed","ping_status":"closed","sticky":false,"template":"","format":"standard","meta":{"csbAdvScrollBarCursor":"","footnotes":""},"categories":[2],"tags":[],"class_list":["post-14936","post","type-post","status-publish","format-standard","has-post-thumbnail","hentry","category-noticias"],"_links":{"self":[{"href":"https:\/\/caf.org.uy\/caf\/wp-json\/wp\/v2\/posts\/14936","targetHints":{"allow":["GET"]}}],"collection":[{"href":"https:\/\/caf.org.uy\/caf\/wp-json\/wp\/v2\/posts"}],"about":[{"href":"https:\/\/caf.org.uy\/caf\/wp-json\/wp\/v2\/types\/post"}],"author":[{"embeddable":true,"href":"https:\/\/caf.org.uy\/caf\/wp-json\/wp\/v2\/users\/1"}],"replies":[{"embeddable":true,"href":"https:\/\/caf.org.uy\/caf\/wp-json\/wp\/v2\/comments?post=14936"}],"version-history":[{"count":2,"href":"https:\/\/caf.org.uy\/caf\/wp-json\/wp\/v2\/posts\/14936\/revisions"}],"predecessor-version":[{"id":14939,"href":"https:\/\/caf.org.uy\/caf\/wp-json\/wp\/v2\/posts\/14936\/revisions\/14939"}],"wp:featuredmedia":[{"embeddable":true,"href":"https:\/\/caf.org.uy\/caf\/wp-json\/wp\/v2\/media\/14937"}],"wp:attachment":[{"href":"https:\/\/caf.org.uy\/caf\/wp-json\/wp\/v2\/media?parent=14936"}],"wp:term":[{"taxonomy":"category","embeddable":true,"href":"https:\/\/caf.org.uy\/caf\/wp-json\/wp\/v2\/categories?post=14936"},{"taxonomy":"post_tag","embeddable":true,"href":"https:\/\/caf.org.uy\/caf\/wp-json\/wp\/v2\/tags?post=14936"}],"curies":[{"name":"wp","href":"https:\/\/api.w.org\/{rel}","templated":true}]}}